{"id":789,"date":"2022-10-28T17:07:10","date_gmt":"2022-10-28T20:07:10","guid":{"rendered":"https:\/\/www.diariofama.com.br\/?p=789"},"modified":"2022-10-28T17:07:10","modified_gmt":"2022-10-28T20:07:10","slug":"amamentacao-pode-reduzir-o-risco-de-cancer-de-mama","status":"publish","type":"post","link":"https:\/\/noticiasdestaque.com.br\/index.php\/2022\/10\/28\/amamentacao-pode-reduzir-o-risco-de-cancer-de-mama\/","title":{"rendered":"Amamenta\u00e7\u00e3o pode reduzir o risco de c\u00e2ncer de mama"},"content":{"rendered":"<p>O c\u00e2ncer de mama \u00e9 o segundo mais incidente no mundo (2,1 milh\u00f5es) e a principal causa de morte por c\u00e2ncer entre as brasileiras, de acordo com dados do Instituto Nacional de C\u00e2ncer (INCA). Na \u00faltima semana do Outubro Rosa, especialistas alertam para formas de preven\u00e7\u00e3o contra a doen\u00e7a.<\/p>\n<p>Segundo a obstetra e ginecologista Lorrainy Rabelo, o c\u00e2ncer de mama \u00e9 resultado de uma multiplica\u00e7\u00e3o de c\u00e9lulas anormais que formam um tumor com potencial de invadir a mama e se disseminar para outros \u00f3rg\u00e3os.<\/p>\n<p>A obstetra explica que n\u00e3o existe uma \u00fanica causa para a doen\u00e7a, \u201cOs fatores de risco s\u00e3o v\u00e1rios. Obesidade, sedentarismo, consumo de tabaco, assim como bebida alco\u00f3lica. E tamb\u00e9m os fatores heredit\u00e1rios, n\u00e3o \u00e9? Hist\u00f3ria de c\u00e2ncer de ov\u00e1rio, de c\u00e2ncer de mama, \u00e9 de mama em homens da fam\u00edlia. E tamb\u00e9m em casos de c\u00e2ncer de mama em m\u00e3e, irm\u00e3 ou filha, principalmente antes dos 50 anos de idade\u201d.<\/p>\n<p>Lorrainy ainda alerta para a import\u00e2ncia da preven\u00e7\u00e3o do c\u00e2ncer de mama, e dentre os fatores que reduzem o risco da doen\u00e7a, est\u00e1 a amamenta\u00e7\u00e3o.<\/p>\n<p>Segundo estudo do Fundo Mundial de Pesquisa contra o C\u00e2ncer (WCRF), amamentar protege a m\u00e3e do c\u00e2ncer de mama em todas as fases da vida e reduz a exposi\u00e7\u00e3o a horm\u00f4nios que aumentam o risco da doen\u00e7a. Al\u00e9m disso, amamentar por dois anos reduz em 10% o risco de c\u00e2ncer ao longo da vida. Quanto maior o tempo de aleitamento materno, maior o benef\u00edcio.<\/p>\n<p>A pediatra e neonatologista Mariana Palhares Temer explica que isso acontece porque quando a m\u00e3e entra no processo de aleitamento materno, as c\u00e9lulas da gl\u00e2ndula mam\u00e1ria est\u00e3o no \u00e1pice da diferencia\u00e7\u00e3o celular. \u201cT\u00e1 chegando no m\u00e1ximo da sua capacidade e maturidade de realizar sua fun\u00e7\u00e3o, sua finalidade de exist\u00eancia. Dessa forma, a gente consegue fazer com que diminua o risco de muta\u00e7\u00f5es que possa acontecer nas c\u00e9lulas da gl\u00e2ndula mam\u00e1ria\u201d, informa.<\/p>\n<p>A pediatra cita outros benef\u00edcios da amamenta\u00e7\u00e3o para a m\u00e3e, como a redu\u00e7\u00e3o do risco de c\u00e2ncer de ov\u00e1rio, a diminui\u00e7\u00e3o do tempo de sangramento p\u00f3s-parto e o aux\u00edlio no emagrecimento para retomar o peso pr\u00e9-gestacional. J\u00e1 para o beb\u00ea, as vantagens s\u00e3o prote\u00e7\u00e3o contra infec\u00e7\u00f5es, problemas al\u00e9rgicos e constipa\u00e7\u00e3o intestinal; al\u00e9m de aumentar o la\u00e7o afetivo entre m\u00e3e e filho.<\/p>\n<p>A arquiteta e urbanista Caroline Fuzaro, 24, atualmente dedica seu tempo para cuidar da filha Sofia, de 4 meses. Ela conta que n\u00e3o sabia da import\u00e2ncia da amamenta\u00e7\u00e3o para a preven\u00e7\u00e3o do c\u00e2ncer de mama, \u201cacho muito interessante, e eu acho que se as mulheres soubessem o qu\u00e3o importante \u00e9 sobre a quest\u00e3o de se proteger contra o c\u00e2ncer de mama, acho que elas priorizaram mais ainda a amamenta\u00e7\u00e3o\u201d.<\/p>\n<p>Ela ainda conta que pretende amamentar a filha at\u00e9 os dois anos de idade, assim como Livia Oliveira, 19, m\u00e3e de uma menina de 1 ano e 2 meses. \u201cEu acho que amamenta\u00e7\u00e3o al\u00e9m de alimentar a crian\u00e7a, \u00e9 um ato muito amoroso, sabe? \u00c9 muito bom voc\u00ea poder acalmar seu filho colocando no peito. E, querendo ou n\u00e3o, \u00e9 um momento muito aconchegante, sabe?\u201d, afirma Livia.<\/p>\n<h2>Outras formas de preven\u00e7\u00e3o contra c\u00e2ncer<\/h2>\n<p>Por ser uma doen\u00e7a sem uma \u00fanica causa, existem diversas formas de preven\u00e7\u00e3o contra o c\u00e2ncer de mama. O epidemiologista e chefe da divis\u00e3o de detec\u00e7\u00e3o precoce de c\u00e2ncer e apoio \u00e0 rede do INCA, Arn Migowski, informa que uma dieta saud\u00e1vel \u00e9 importante para reduzir o risco de c\u00e2ncer. \u201cAlimenta\u00e7\u00e3o saud\u00e1vel, n\u00e9? Alimentos n\u00e3o processados, alimentos ricos em fibras. Evitar carnes processadas, que s\u00e3o, por exemplo, salame, presunto, apresuntado, mortadela, lingui\u00e7a, salsicha, bacon. Evitar esse tipo de alimento. Evitar o consumo de \u00e1lcool tamb\u00e9m, que est\u00e1 associada ao aumento de risco de alguns tipos de c\u00e2ncer, reduzir esse consumo de bebidas alco\u00f3licas\u201d, explica.<\/p>\n<p>Al\u00e9m disso, alerta para a import\u00e2ncia de atividades f\u00edsicas, que diminuem o risco de obesidade e impactam diretamente na preven\u00e7\u00e3o de forma\u00e7\u00e3o para o c\u00e2ncer de mama. Exames de rotina tamb\u00e9m s\u00e3o fundamentais na preven\u00e7\u00e3o. De acordo com Arn, eles permitem que caso haja um diagn\u00f3stico de c\u00e2ncer, ele seja dado em fases muito iniciais.<\/p>\n<p>Fonte: Brasil61<\/p>\n<input type=\"hidden\" id=\"baseurl\" value=\"https:\/\/noticiasdestaque.com.br\"><input type=\"hidden\" id=\"audio_nonce\" value=\"9fd43fe80e\">","protected":false},"excerpt":{"rendered":"<p>Especialistas explicam como a amamenta\u00e7\u00e3o e h\u00e1bitos saud\u00e1veis ajudam a prevenir a doen\u00e7a<\/p>\n","protected":false},"author":1,"featured_media":793,"comment_status":"open","ping_status":"open","sticky":false,"template":"","format":"standard","meta":{"fifu_image_url":"","fifu_image_alt":"","footnotes":""},"categories":[51],"tags":[],"class_list":["post-789","post","type-post","status-publish","format-standard","has-post-thumbnail","hentry","category-saude"],"distributor_meta":false,"distributor_terms":false,"distributor_media":false,"distributor_original_site_name":"Portal de Recupera\u00e7\u00e3o","distributor_original_site_url":"https:\/\/portalderecuperacao.com","push-errors":false,"_links":{"self":[{"href":"https:\/\/noticiasdestaque.com.br\/index.php\/wp-json\/wp\/v2\/posts\/789","targetHints":{"allow":["GET"]}}],"collection":[{"href":"https:\/\/noticiasdestaque.com.br\/index.php\/wp-json\/wp\/v2\/posts"}],"about":[{"href":"https:\/\/noticiasdestaque.com.br\/index.php\/wp-json\/wp\/v2\/types\/post"}],"author":[{"embeddable":true,"href":"https:\/\/noticiasdestaque.com.br\/index.php\/wp-json\/wp\/v2\/users\/1"}],"replies":[{"embeddable":true,"href":"https:\/\/noticiasdestaque.com.br\/index.php\/wp-json\/wp\/v2\/comments?post=789"}],"version-history":[{"count":0,"href":"https:\/\/noticiasdestaque.com.br\/index.php\/wp-json\/wp\/v2\/posts\/789\/revisions"}],"wp:featuredmedia":[{"embeddable":true,"href":"https:\/\/noticiasdestaque.com.br\/index.php\/wp-json\/wp\/v2\/media\/793"}],"wp:attachment":[{"href":"https:\/\/noticiasdestaque.com.br\/index.php\/wp-json\/wp\/v2\/media?parent=789"}],"wp:term":[{"taxonomy":"category","embeddable":true,"href":"https:\/\/noticiasdestaque.com.br\/index.php\/wp-json\/wp\/v2\/categories?post=789"},{"taxonomy":"post_tag","embeddable":true,"href":"https:\/\/noticiasdestaque.com.br\/index.php\/wp-json\/wp\/v2\/tags?post=789"}],"curies":[{"name":"wp","href":"https:\/\/api.w.org\/{rel}","templated":true}]}}