{"id":7888,"date":"2023-06-05T11:39:00","date_gmt":"2023-06-05T11:39:00","guid":{"rendered":"https:\/\/noticiasdestaque.com.br\/index.php\/2023\/06\/05\/pernambuco-sudene-registra-r-milhoes-em-investimentos-no-estado-em\/"},"modified":"2023-06-05T11:39:00","modified_gmt":"2023-06-05T11:39:00","slug":"pernambuco-sudene-registra-r-milhoes-em-investimentos-no-estado-em","status":"publish","type":"post","link":"https:\/\/noticiasdestaque.com.br\/index.php\/2023\/06\/05\/pernambuco-sudene-registra-r-milhoes-em-investimentos-no-estado-em\/","title":{"rendered":"Pernambuco: Sudene registra R$ 188 milh\u00f5es em investimentos no estado em 2023"},"content":{"rendered":"<p>A Superintend\u00eancia do Desenvolvimento do Nordeste (Sudene) registrou um valor de quase R$ 188 milh\u00f5es em investimentos no estado de Pernambuco de janeiro a abril de 2023. O total investido em 2022 ultrapassou a marca de R$ 2 bilh\u00f5es. O economista C\u00e9sar Bergo explica que a Sudene, assim como a Superintend\u00eancia do Desenvolvimento da Amaz\u00f4nia (Sudam), \u00e9 importante para a regi\u00e3o em que atua.<\/p>\n<p>\u201cTanto a Sudene como a Sudam s\u00e3o de fundamental import\u00e2ncia para o desenvolvimento das regi\u00f5es Nordeste e Norte do pa\u00eds. Essas superintend\u00eancias atuam exatamente nesse fomento, no desenvolvimento e no crescimento econ\u00f4mico das empresas ali localizadas e tamb\u00e9m para que projetos possam ser viabilizados do ponto de vista econ\u00f4mico\u201d, afirma Bergo.<\/p>\n<p>Dentre os incentivos fiscais concedidos \u00e0s empresas presentes nas \u00e1reas de atua\u00e7\u00e3o da Sudene e da Sudam est\u00e1 a redu\u00e7\u00e3o de 75% do imposto de renda (IR) com base no lucro, desde que possuam projeto de instala\u00e7\u00e3o, amplia\u00e7\u00e3o, moderniza\u00e7\u00e3o ou diversifica\u00e7\u00e3o enquadrado nos setores da economia considerados priorit\u00e1rios para o desenvolvimento da regi\u00e3o. <\/p>\n<p>Al\u00e9m disso, a legisla\u00e7\u00e3o prev\u00ea a possibilidade de dep\u00f3sito de 30% do valor do IR devido pelos empreendimentos, acrescido de 50% de recursos pr\u00f3prios, para reinvestimentos em projetos de moderniza\u00e7\u00e3o ou compra de equipamentos. No entanto, os incentivos valem somente at\u00e9 31 de dezembro de 2023. <\/p>\n<h2>Prorroga\u00e7\u00e3o<\/h2>\n<p>Com o objetivo de prorrogar esse prazo, o deputado federal J\u00falio Cesar (PSD-PI) apresentou o PL <a href=\"https:\/\/www.camara.leg.br\/propostas-legislativas\/2312373\">4416\/2021<\/a>, que estende a validade dos benef\u00edcios at\u00e9 31 de dezembro de 2028. C\u00e9sar Bergo lembra que o Brasil \u00e9 um pa\u00eds marcado por desigualdades econ\u00f4micas e destaca a import\u00e2ncia de se prorrogar os benef\u00edcios para o desenvolvimento do Norte e Nordeste. Para ele, o fim dos incentivos ter\u00e1 impactos negativos nas regi\u00f5es. <\/p>\n<p>\u201cCom rela\u00e7\u00e3o \u00e0 manuten\u00e7\u00e3o do subs\u00eddio, e aprovado at\u00e9 2028, seria realmente muito importante. Voc\u00ea poder\u00e1 ter novos projetos, poder\u00e1 gerar emprego e renda naquela regi\u00e3o e reter tamb\u00e9m a m\u00e3o de obra nessas regi\u00f5es, contribuindo assim para evitar a migra\u00e7\u00e3o desordenada. Voc\u00ea gera empregos na regi\u00e3o e contribui para o desenvolvimento de cada estado e voc\u00ea tem, ent\u00e3o, um ganho na economia do pa\u00eds como um todo\u201d, afirma o economista. <\/p>\n<p>No \u00faltimo dia 24 de maio, a Comiss\u00e3o de Constitui\u00e7\u00e3o e Justi\u00e7a e de Cidadania (CCJC) da C\u00e2mara aprovou o PL 4416\/2021 em car\u00e1ter conclusivo \u2014 quando n\u00e3o h\u00e1 necessidade de vota\u00e7\u00e3o em plen\u00e1rio \u2014 e aguarda recurso na mesa diretora. Caso apresentado com a assinatura de 52 deputados, o recurso ser\u00e1 votado em plen\u00e1rio e, se aprovado, o projeto tamb\u00e9m precisar\u00e1 de vota\u00e7\u00e3o antes de ser remetido para an\u00e1lise do Senado. O deputado federal Silvio Costa Filho (Republicanos-PE) destaca a import\u00e2ncia da prorroga\u00e7\u00e3o. <\/p>\n<p>\u201cNa hora que a gente tem est\u00edmulos como esses, a gente vai potencializar cada vez mais, prover investimentos no Norte e no Nordeste para buscarmos cada vez mais a igualdade social e gerar oportunidades para todos. Esse projeto ser\u00e1 muito ben\u00e9fico para a gente ter previsibilidade e cada vez mais estimular a ind\u00fastria no Norte e Nordeste do Brasil\u201d, afirma.<\/p>\n<p>A Sudene atua em todos os estados da regi\u00e3o Nordeste, em parte de Minas Gerais e Esp\u00edrito Santo. J\u00e1 a atua\u00e7\u00e3o da Sudam abrange os estados do Acre, Amap\u00e1, Amazonas, Mato Grosso, Rond\u00f4nia, Roraima, Par\u00e1, Tocantins e parte do Maranh\u00e3o. O objetivo \u00e9 promover, por meio de incentivos fiscais, o desenvolvimento includente e sustent\u00e1vel dessas \u00e1reas. <\/p>\n<p>De acordo com a Sudene, em 2022, o valor dos investimentos registrados no Nordeste ultrapassa a marca de  R$ 22,6 bilh\u00f5es. Nos quatro primeiros meses de 2023, o valor j\u00e1 \u00e9 superior  a R$ 4,1 bilh\u00f5es.\n <\/p>\n<p> Fonte: Brasil61<\/p>\n<input type=\"hidden\" id=\"baseurl\" value=\"https:\/\/noticiasdestaque.com.br\"><input type=\"hidden\" id=\"audio_nonce\" value=\"6a24ca502e\">","protected":false},"excerpt":{"rendered":"<p>A validade dos incentivos para as empresas que atuam na regi\u00e3o vai at\u00e9 o fim de 2023. Mas tramita no Congresso Nacional um projeto que prorroga os benef\u00edcios at\u00e9 2028 <\/p>\n","protected":false},"author":1,"featured_media":7890,"comment_status":"open","ping_status":"open","sticky":false,"template":"","format":"standard","meta":{"fifu_image_url":"","fifu_image_alt":"","footnotes":""},"categories":[1],"tags":[107],"class_list":["post-7888","post","type-post","status-publish","format-standard","has-post-thumbnail","hentry","category-uncategorized","tag-closer-vendedor-milionario"],"distributor_meta":false,"distributor_terms":false,"distributor_media":false,"distributor_original_site_name":"Noticias em Destaque","distributor_original_site_url":"https:\/\/noticiasdestaque.com.br","push-errors":false,"_links":{"self":[{"href":"https:\/\/noticiasdestaque.com.br\/index.php\/wp-json\/wp\/v2\/posts\/7888","targetHints":{"allow":["GET"]}}],"collection":[{"href":"https:\/\/noticiasdestaque.com.br\/index.php\/wp-json\/wp\/v2\/posts"}],"about":[{"href":"https:\/\/noticiasdestaque.com.br\/index.php\/wp-json\/wp\/v2\/types\/post"}],"author":[{"embeddable":true,"href":"https:\/\/noticiasdestaque.com.br\/index.php\/wp-json\/wp\/v2\/users\/1"}],"replies":[{"embeddable":true,"href":"https:\/\/noticiasdestaque.com.br\/index.php\/wp-json\/wp\/v2\/comments?post=7888"}],"version-history":[{"count":1,"href":"https:\/\/noticiasdestaque.com.br\/index.php\/wp-json\/wp\/v2\/posts\/7888\/revisions"}],"predecessor-version":[{"id":7889,"href":"https:\/\/noticiasdestaque.com.br\/index.php\/wp-json\/wp\/v2\/posts\/7888\/revisions\/7889"}],"wp:featuredmedia":[{"embeddable":true,"href":"https:\/\/noticiasdestaque.com.br\/index.php\/wp-json\/wp\/v2\/media\/7890"}],"wp:attachment":[{"href":"https:\/\/noticiasdestaque.com.br\/index.php\/wp-json\/wp\/v2\/media?parent=7888"}],"wp:term":[{"taxonomy":"category","embeddable":true,"href":"https:\/\/noticiasdestaque.com.br\/index.php\/wp-json\/wp\/v2\/categories?post=7888"},{"taxonomy":"post_tag","embeddable":true,"href":"https:\/\/noticiasdestaque.com.br\/index.php\/wp-json\/wp\/v2\/tags?post=7888"}],"curies":[{"name":"wp","href":"https:\/\/api.w.org\/{rel}","templated":true}]}}