{"id":7876,"date":"2023-06-03T22:00:00","date_gmt":"2023-06-03T22:00:00","guid":{"rendered":"https:\/\/noticiasdestaque.com.br\/index.php\/2023\/06\/03\/presenca-festival-abre-mes-do-orgulho-lgbtqiapn-no-rio\/"},"modified":"2023-06-03T22:00:00","modified_gmt":"2023-06-03T22:00:00","slug":"presenca-festival-abre-mes-do-orgulho-lgbtqiapn-no-rio","status":"publish","type":"post","link":"https:\/\/noticiasdestaque.com.br\/index.php\/2023\/06\/03\/presenca-festival-abre-mes-do-orgulho-lgbtqiapn-no-rio\/","title":{"rendered":"Presen\u00e7a Festival abre M\u00eas do Orgulho LGBTQIAPN  no Rio"},"content":{"rendered":"<style> bloco.meta {font-style: italic; color: #666;font-weight: 600;font-size: .8em; \/* line-height: .3em; *\/}  text h2 { font-weight: 700 !important;  color: #062f46 !important;} text img { width: none; left: none;}<\/style>\n<\/p>\n<p>O M\u00eas do Orgulho LGBTQIAPN  ser\u00e1 aberto neste fim de semana no Rio de Janeiro com o evento Presen\u00e7a Festival, que est\u00e1 na segunda edi\u00e7\u00e3o. A sigla LGBTQIAPN  engloba pessoas l\u00e9sbicas, <em>gays<\/em>, bissexuais, trans, <em>queer<\/em> (questionando), intersexo, assexuais\/arrom\u00e2nticas\/ag\u00eanero, pan\/poli, n\u00e3o bin\u00e1rias e mais. A primeira edi\u00e7\u00e3o do festival foi em abril do ano passado.<aimg src=\"https:\/\/aagenciabrasil.ebc.com.br\/ebc.apng?id=1536703 o=node\" style=\"width:1px; height:1px; display:inline;\"><\/aimg><aimg src=\"https:\/\/aagenciabrasil.ebc.com.br\/ebc.agif?id=1536703 o=node\" style=\"width:1px; height:1px; display:inline;\"><\/aimg><\/p>\n<p>O idealizador do evento \u00e9 o publicit\u00e1rio Jos\u00e9 Menna Barreto (foto), tamb\u00e9m curador e diretor art\u00edstico. Menna Barreto disse \u00e0 <strong>Ag\u00eancia Brasil <\/strong>que o festival nasceu de uma inquieta\u00e7\u00e3o pessoal e de sua vontade de contribuir para transforma\u00e7\u00f5es na sociedade em quest\u00f5es de diversidade, equidade e inclus\u00e3o na cultura e na arte. \u201cCom o festival, eu me encontrei em um lugar de ativismo, para contribuir com as causas que o evento aborda.\u201d<\/p>\n<p>Segundo o publicit\u00e1rio, o evento d\u00e1 espa\u00e7o de visibilidade, de protagonismo e de destaque para pessoas pretas, mulheres e pessoas LGBTQIAPN , al\u00e9m de pessoas oriundas de povos origin\u00e1rios e pessoas com defici\u00eancia. \u201cO festival aborda diversas segmentos art\u00edsticos e culturais, como m\u00fasica cantada e instrumental, artes visuais, dan\u00e7a e teatro, com a miss\u00e3o de fortalecer a diversidade, equidade e inclus\u00e3o na cultura e na arte.\u201d<\/p>\n<p>Menna Barreto disse que o objetivo \u00e9 demonstrar para a sociedade que a diversidade est\u00e1 presente nos mais variados segmentos culturais e da economia criativa. As atra\u00e7\u00f5es deste s\u00e1bado (3), no Circo Voador, incluem a cantora e ativista travesti Linn da Quebrada, o cantor Johnny Hooker e a<em> drag queen<\/em> Grag Queen, em apresenta\u00e7\u00f5es que misturam entretenimento e conscientiza\u00e7\u00e3o. A noite especial ser\u00e1 aberta \u00e0s 19h, estendendo-se at\u00e9 as 4h do domingo (4).<\/p>\n<p> nd-widget-wrapper context-cheio_8colunas type-image&#8221;<\/p>\n<input type=\"hidden\" id=\"baseurl\" value=\"https:\/\/noticiasdestaque.com.br\"><input type=\"hidden\" id=\"audio_nonce\" value=\"6f73a554f1\">","protected":false},"excerpt":{"rendered":"<p>Evento fortalece inclus\u00e3o na cultura e na arte, diz publicit\u00e1rio<\/p>\n","protected":false},"author":1,"featured_media":7878,"comment_status":"open","ping_status":"open","sticky":false,"template":"","format":"standard","meta":{"fifu_image_url":"","fifu_image_alt":"","footnotes":""},"categories":[1],"tags":[169],"class_list":["post-7876","post","type-post","status-publish","format-standard","has-post-thumbnail","hentry","category-uncategorized","tag-reabilitacao-para-alcoolatras"],"distributor_meta":false,"distributor_terms":false,"distributor_media":false,"distributor_original_site_name":"Noticias em Destaque","distributor_original_site_url":"https:\/\/noticiasdestaque.com.br","push-errors":false,"_links":{"self":[{"href":"https:\/\/noticiasdestaque.com.br\/index.php\/wp-json\/wp\/v2\/posts\/7876","targetHints":{"allow":["GET"]}}],"collection":[{"href":"https:\/\/noticiasdestaque.com.br\/index.php\/wp-json\/wp\/v2\/posts"}],"about":[{"href":"https:\/\/noticiasdestaque.com.br\/index.php\/wp-json\/wp\/v2\/types\/post"}],"author":[{"embeddable":true,"href":"https:\/\/noticiasdestaque.com.br\/index.php\/wp-json\/wp\/v2\/users\/1"}],"replies":[{"embeddable":true,"href":"https:\/\/noticiasdestaque.com.br\/index.php\/wp-json\/wp\/v2\/comments?post=7876"}],"version-history":[{"count":1,"href":"https:\/\/noticiasdestaque.com.br\/index.php\/wp-json\/wp\/v2\/posts\/7876\/revisions"}],"predecessor-version":[{"id":7877,"href":"https:\/\/noticiasdestaque.com.br\/index.php\/wp-json\/wp\/v2\/posts\/7876\/revisions\/7877"}],"wp:featuredmedia":[{"embeddable":true,"href":"https:\/\/noticiasdestaque.com.br\/index.php\/wp-json\/wp\/v2\/media\/7878"}],"wp:attachment":[{"href":"https:\/\/noticiasdestaque.com.br\/index.php\/wp-json\/wp\/v2\/media?parent=7876"}],"wp:term":[{"taxonomy":"category","embeddable":true,"href":"https:\/\/noticiasdestaque.com.br\/index.php\/wp-json\/wp\/v2\/categories?post=7876"},{"taxonomy":"post_tag","embeddable":true,"href":"https:\/\/noticiasdestaque.com.br\/index.php\/wp-json\/wp\/v2\/tags?post=7876"}],"curies":[{"name":"wp","href":"https:\/\/api.w.org\/{rel}","templated":true}]}}