{"id":7873,"date":"2023-06-03T21:00:00","date_gmt":"2023-06-03T21:00:00","guid":{"rendered":"https:\/\/noticiasdestaque.com.br\/index.php\/2023\/06\/03\/estado-do-amapa-vai-contar-com-polos-das-rotas-do-acai-e-do-pescado\/"},"modified":"2023-06-03T21:00:00","modified_gmt":"2023-06-03T21:00:00","slug":"estado-do-amapa-vai-contar-com-polos-das-rotas-do-acai-e-do-pescado","status":"publish","type":"post","link":"https:\/\/noticiasdestaque.com.br\/index.php\/2023\/06\/03\/estado-do-amapa-vai-contar-com-polos-das-rotas-do-acai-e-do-pescado\/","title":{"rendered":"Estado do Amap\u00e1 vai contar com polos das Rotas do A\u00e7a\u00ed e do Pescado"},"content":{"rendered":"<p data-pm-slice=\"1 1 []\">O estado do Amap\u00e1 vai ganhar, em breve, dois polos do Programa Rotas de Integra\u00e7\u00e3o Nacional. Um, no Arquip\u00e9lago do Bailique, voltado ao a\u00e7a\u00ed, e outro na regi\u00e3o do Oiapoque, com foco na produ\u00e7\u00e3o pesqueira. O Minist\u00e9rio da Integra\u00e7\u00e3o e do Desenvolvimento Regional (MIDR) est\u00e1 trabalhando para que os polos sejam implantados o quanto antes. Representantes da Pasta j\u00e1 realizaram miss\u00f5es ao estado, com foco em entender melhor as necessidades dos produtores e tra\u00e7ar estrat\u00e9gias para a realiza\u00e7\u00e3o do trabalho.<\/p>\n<p>Dentre as atividades realizadas estiveram visitas t\u00e9cnicas a comunidades de produtores e oficinas de planejamento estrat\u00e9gico com representantes dos setores produtivos, \u00f3rg\u00e3os estaduais e federais e entidades ambientais. O MIDR tamb\u00e9m elaborou uma carteira de projetos voltados a atrair recursos para os polos.<\/p>\n<p>As Rotas de Integra\u00e7\u00e3o Nacional buscam estimular o empreendedorismo, o cooperativismo e a inclus\u00e3o produtiva. O objetivo \u00e9 fortalecer sistemas produtivos j\u00e1 existentes ou potenciais, possibilitando que os produtores trabalhem em conjunto, ganhem escala e possam comercializar com outras localidades, estados e at\u00e9 pa\u00edses. A iniciativa tamb\u00e9m busca propiciar a inova\u00e7\u00e3o, a diferencia\u00e7\u00e3o, a competitividade e a sustentabilidade dos empreendimentos associados, contribuindo, assim, para a inclus\u00e3o produtiva, inova\u00e7\u00e3o e o desenvolvimento regional.<\/p>\n<p>Segundo a secret\u00e1ria nacional de Pol\u00edticas de Desenvolvimento Regional e Territorial do MIDR, Adriana Melo, as oficinas promovidas pela Pasta tiveram o objetivo de definir os comit\u00eas gestores dos polos que ser\u00e3o implantados nas Rotas do A\u00e7a\u00ed e do Pescado, al\u00e9m do planejamento estrat\u00e9gico dos polos. Ela destaca que o trabalho tamb\u00e9m conta com a participa\u00e7\u00e3o de outros parceiros, como o Sebrae estadual, o Minist\u00e9rio da Agricultura e Pecu\u00e1ria e a Companhia de Desenvolvimento dos Vales do S\u00e3o Francisco e do Parna\u00edba (Codevasf).<\/p>\n<p>No munic\u00edpio de Oiapoque, foi realizada oficina sobre a Rota do Pescado, que debateu os principais desafios para o setor pesqueiro local, entre eles a estrutura para escoamento da produ\u00e7\u00e3o e o acesso a linhas de cr\u00e9dito. Al\u00e9m disso, o MIDR elaborou uma carteira de projetos que poder\u00e3o viabilizar investimentos, captar recursos e otimizar o setor pesqueiro do Amap\u00e1.<\/p>\n<p>&#8220;Criar uma carteira de projetos \u00e9 a forma de viabilizarmos o investimento e o planejamento das interven\u00e7\u00f5es na parte de produ\u00e7\u00e3o, na pesca, na captura, no processamento da filetagem do pescado e na implementa\u00e7\u00e3o de novas tecnologias que podem ajudar o setor pesqueiro do estado&#8221;, pontuou o coordenador geral de Gest\u00e3o do Territ\u00f3rio do MIDR, Vitarque Coelho.<\/p>\n<p>Cortado por rios como o Araguari, o Oiapoque e o Jari, o Amap\u00e1 tem grande potencial de arrecada\u00e7\u00e3o no setor pesqueiro. As equipes do MIDR e da Codevasf, em parceria com representantes do estado amapaense, realizaram visitas t\u00e9cnicas em f\u00e1bricas de gelo e de processamento de peixe e em infraestruturas de beneficiamento para comercializa\u00e7\u00e3o certificada. Um dos objetivos com o polo \u00e9 ampliar o mercado para outras localidades da Regi\u00e3o Norte do Pa\u00eds.<\/p>\n<p>\u201c\u00c9 importante ressaltar que estruturar uma cadeia produtiva envolve diversas frentes de atua\u00e7\u00e3o. Seja na produ\u00e7\u00e3o de insumos, no beneficiamento da produ\u00e7\u00e3o ou na comercializa\u00e7\u00e3o, diversos parceiros institucionais, tanto p\u00fablicos como privados, se integram a esse prop\u00f3sito que \u00e9 definido em torno dos Polos\u201d, afirmou a secret\u00e1ria Adriana Melo.<\/p>\n<p>Francisco Dias Cavalheiro, de 56 anos, trabalha com processamento de peixe h\u00e1 quase 20 anos. O produtor \u00e9 dono de uma das empresas visitadas e acredita que a Rota do Pescado pode ser fundamental para o crescimento do setor na regi\u00e3o. &#8220;Hoje, quem trabalha com a pesca, necessita de mais estrutura e incentivo para continuar desempenhando a atividade, por isso, \u00e9 importante essa iniciativa do poder p\u00fablico para detectar essas car\u00eancias e desenvolver pol\u00edticas p\u00fablicas que possam resolver cada problema&#8221;, destacou Francisco Dias.<\/p>\n<p>Coordenadora de Gest\u00e3o de Territ\u00f3rio da Secretaria Nacional de Pol\u00edticas de Desenvolvimento Regional e Territorial do MIDR, Simone Noronha destaca a import\u00e2ncia das visitas t\u00e9cnicas no Programa Rotas de Integra\u00e7\u00e3o Nacional. \u201cAs Rotas s\u00e3o uma estrat\u00e9gia da Pol\u00edtica Nacional de Desenvolvimento Regional, sob o comando do MIDR, que tem uma metodologia muito consciente. Por ter esse trabalho participativo com os entes locais, conseguimos fazer uma pol\u00edtica p\u00fablica com qualidade, ouvindo as pessoas\u201d, observa.<\/p>\n<h2>A\u00e7a\u00ed<\/h2>\n<p>O MIDR, em parceria com a Secretaria de Estado do Desenvolvimento Rural (SDR) do Governo do Amap\u00e1, tamb\u00e9m realizou miss\u00e3o t\u00e9cnica para levantar subs\u00eddios e debater a cria\u00e7\u00e3o de um polo da Rota do A\u00e7a\u00ed no Arquip\u00e9lago do Bailique, que re\u00fane oito ilhas localizadas no delta do Rio Amazonas, a 160 quil\u00f4metros da cidade de Macap\u00e1.<\/p>\n<p>Os principais objetivos da miss\u00e3o foram identificar as \u00e1reas de produ\u00e7\u00e3o de a\u00e7a\u00ed e as infraestruturas de beneficiamento do fruto para comercializa\u00e7\u00e3o certificada, conhecer o sistema de produ\u00e7\u00e3o e as condi\u00e7\u00f5es de trabalho dos produtores, al\u00e9m de volume e qualidade de produ\u00e7\u00e3o e das estrat\u00e9gias de mercado que v\u00eam sendo adotada pelas associa\u00e7\u00f5es e cooperativas para comercializa\u00e7\u00e3o das marcas coletivas e da imagem que o a\u00e7a\u00ed produzido projeta nesse territ\u00f3rio.<\/p>\n<p>A equipe visitou 145 produtores das comunidades de Jangada e Arraiol, para entender melhor a situa\u00e7\u00e3o dos trabalhadores e tra\u00e7ar estrat\u00e9gias que visam aumentar a produtividade do fruto no arquip\u00e9lago ilhas, al\u00e9m de ampliar o mercado para outras localidades da Regi\u00e3o Norte do Pa\u00eds. Tamb\u00e9m foi realizada oficina de planejamento estrat\u00e9gico.<\/p>\n<p>\u201cCom apoio do Governo do Estado, estivemos no Bailique para conhecer as necessidades do territ\u00f3rio. Al\u00e9m disso, tivemos contato com a pot\u00eancia da organiza\u00e7\u00e3o em coletividade do cooperativismo local. O povo amapaense tem muita for\u00e7a de trabalho em conjunto, ainda n\u00e3o t\u00ednhamos visto isso em outros territ\u00f3rios\u201d, explicou a coordenadora Simone Noronha.<\/p>\n<p>Uma das cooperativas que poder\u00e3o ser beneficiadas com o Polo do a\u00e7a\u00ed na regi\u00e3o \u00e9 a Amazonbai, que atua h\u00e1 dez anos no estado. &#8220;\u00c9 o momento de unir for\u00e7as discutir e planejar a cadeia produtiva do a\u00e7a\u00ed, desde a \u00e1rea de produ\u00e7\u00e3o at\u00e9 a agroind\u00fastria. Buscar inova\u00e7\u00e3o, tecnologia, junto com as startups, para que, de fato, a gente transforme essa discuss\u00e3o em pol\u00edticas p\u00fablicas de desenvolvimento n\u00e3o s\u00f3 do Arquip\u00e9lago do Bailique, mas de todo estu\u00e1rio da cadeia produtiva do a\u00e7a\u00ed&#8221;, destacou o presidente da Amazonbai, Amiraldo Pican\u00e7o.<\/p>\n<p>A partir dos estudos realizados, a expectativa imediata \u00e9 fomentar a iniciativa da cooperativa, que busca a amplia\u00e7\u00e3o do n\u00famero de cooperados para 500 produtores associados. \u201cEstamos trabalhando com esse horizonte de amplia\u00e7\u00e3o do n\u00famero de benefici\u00e1rios diretos, por meio da cooperativa, e indiretos por meio de a\u00e7\u00f5es transversais de fomento a inova\u00e7\u00e3o, novos equipamentos e servi\u00e7os, coopera\u00e7\u00e3o com outros polos e entidades. Eventualmente, podemos ter um benef\u00edcio direto para mais de 3 mil produtores de a\u00e7a\u00ed no Amap\u00e1\u201d, avaliou o coordenador-geral Vitarque Lucas Coelho.<\/p>\n<p>\u201cO a\u00e7a\u00ed tem grande potencial de inclus\u00e3o produtiva, envolve comunidades de diferentes perfis, sejam agricultores familiares quilombolas, ribeirinhos. \u00c9 uma cultura bastante disseminada no territ\u00f3rio amaz\u00f4nico, al\u00e9m de ser altamente sustent\u00e1vel por contribuir com a recupera\u00e7\u00e3o de \u00e1reas degradadas, mas ainda se apresenta com alto n\u00edvel de informalidade na produ\u00e7\u00e3o e pouca agrega\u00e7\u00e3o de valor\u201d, afirma a secret\u00e1ria. \u201cUm dos objetivos do Polo \u00e9 mudar essa realidade\u201d, comenta.<\/p>\n<h2>Sobre as Rotas de Integra\u00e7\u00e3o Nacional<\/h2>\n<p>Atualmente, o MIDR reconhece, em todo o Pa\u00eds, 6 polos da Rota do A\u00e7a\u00ed; 6 da Rota da Biodiversidade; 2 da Rota do Cacau; 15 da Rota do Cordeiro; 2 da Rota da Economia Circular; 5 da Rota da Fruticultura; 6 da Rota do Leite; 9 da Rota do Mel; 4 da Rota da Moda; 7 da Rota do Pescado; e 4 da Rota da Tecnologia, Informa\u00e7\u00e3o e Comunica\u00e7\u00e3o (TIC).<\/p>\n<p>*Com informa\u00e7\u00f5es do Governo do Estado do Amap\u00e1<\/p>\n<p> Fonte: Brasil61<\/p>\n<input type=\"hidden\" id=\"baseurl\" value=\"https:\/\/noticiasdestaque.com.br\"><input type=\"hidden\" id=\"audio_nonce\" value=\"6f73a554f1\">","protected":false},"excerpt":{"rendered":"<p>MIDR realizou miss\u00f5es t\u00e9cnicas, visitou produtores e organizou oficinas de planejamento estrat\u00e9gico para que os polos sejam implementados o quanto antes. Iniciativas englobar\u00e3o o Arquip\u00e9lago do Bailique, no caso do a\u00e7a\u00ed, e a regi\u00e3o do Oiapoque, que tem grande potencial pesqueiro<\/p>\n","protected":false},"author":1,"featured_media":7875,"comment_status":"open","ping_status":"open","sticky":false,"template":"","format":"standard","meta":{"fifu_image_url":"","fifu_image_alt":"","footnotes":""},"categories":[1],"tags":[107],"class_list":["post-7873","post","type-post","status-publish","format-standard","has-post-thumbnail","hentry","category-uncategorized","tag-closer-vendedor-milionario"],"distributor_meta":false,"distributor_terms":false,"distributor_media":false,"distributor_original_site_name":"Noticias em Destaque","distributor_original_site_url":"https:\/\/noticiasdestaque.com.br","push-errors":false,"_links":{"self":[{"href":"https:\/\/noticiasdestaque.com.br\/index.php\/wp-json\/wp\/v2\/posts\/7873","targetHints":{"allow":["GET"]}}],"collection":[{"href":"https:\/\/noticiasdestaque.com.br\/index.php\/wp-json\/wp\/v2\/posts"}],"about":[{"href":"https:\/\/noticiasdestaque.com.br\/index.php\/wp-json\/wp\/v2\/types\/post"}],"author":[{"embeddable":true,"href":"https:\/\/noticiasdestaque.com.br\/index.php\/wp-json\/wp\/v2\/users\/1"}],"replies":[{"embeddable":true,"href":"https:\/\/noticiasdestaque.com.br\/index.php\/wp-json\/wp\/v2\/comments?post=7873"}],"version-history":[{"count":1,"href":"https:\/\/noticiasdestaque.com.br\/index.php\/wp-json\/wp\/v2\/posts\/7873\/revisions"}],"predecessor-version":[{"id":7874,"href":"https:\/\/noticiasdestaque.com.br\/index.php\/wp-json\/wp\/v2\/posts\/7873\/revisions\/7874"}],"wp:featuredmedia":[{"embeddable":true,"href":"https:\/\/noticiasdestaque.com.br\/index.php\/wp-json\/wp\/v2\/media\/7875"}],"wp:attachment":[{"href":"https:\/\/noticiasdestaque.com.br\/index.php\/wp-json\/wp\/v2\/media?parent=7873"}],"wp:term":[{"taxonomy":"category","embeddable":true,"href":"https:\/\/noticiasdestaque.com.br\/index.php\/wp-json\/wp\/v2\/categories?post=7873"},{"taxonomy":"post_tag","embeddable":true,"href":"https:\/\/noticiasdestaque.com.br\/index.php\/wp-json\/wp\/v2\/tags?post=7873"}],"curies":[{"name":"wp","href":"https:\/\/api.w.org\/{rel}","templated":true}]}}