{"id":7867,"date":"2023-06-03T17:00:00","date_gmt":"2023-06-03T17:00:00","guid":{"rendered":"https:\/\/noticiasdestaque.com.br\/index.php\/2023\/06\/03\/minas-gerais-e-contemplado-com-editais-que-preveem-investimentos-para-gestao-de-residuos-solidos-urbanos\/"},"modified":"2023-06-03T17:00:00","modified_gmt":"2023-06-03T17:00:00","slug":"minas-gerais-e-contemplado-com-editais-que-preveem-investimentos-para-gestao-de-residuos-solidos-urbanos","status":"publish","type":"post","link":"https:\/\/noticiasdestaque.com.br\/index.php\/2023\/06\/03\/minas-gerais-e-contemplado-com-editais-que-preveem-investimentos-para-gestao-de-residuos-solidos-urbanos\/","title":{"rendered":"Minas Gerais \u00e9 contemplado com editais que preveem investimentos para gest\u00e3o de res\u00edduos s\u00f3lidos urbanos"},"content":{"rendered":"<p>Tr\u00eas cons\u00f3rcios em Minas Gerais foram selecionados em um edital da Caixa Econ\u00f4mica Federal e do BNDES para estruturar a gest\u00e3o regionalizada de res\u00edduos s\u00f3lidos urbanos. Esses projetos abrangem 43 munic\u00edpios nas regi\u00f5es Central, Sul de Minas e Alto Rio Pardo de Minas. A estrutura\u00e7\u00e3o dos estudos de viabilidade t\u00e9cnica receber\u00e1 um financiamento de at\u00e9 R$ 18 milh\u00f5es, impactando diretamente a qualidade de vida das popula\u00e7\u00f5es dessas cidades.<\/p>\n<p>O doutor em Desenvolvimento Sustent\u00e1vel e especialista em Gest\u00e3o Ambiental Paulo Reis explica o que s\u00e3o os res\u00edduos s\u00f3lidos.<\/p>\n<p>\u201c\u00c9 tudo aquilo que n\u00e3o tem mais uso, que j\u00e1 serviu ao seu uso e n\u00e3o tem mais uso, ele \u00e9 descartado pelo consumidor ou por alguma ind\u00fastria ou com\u00e9rcio. Esse material descartado, a gente chama de res\u00edduo s\u00f3lido. E ele ainda pode ser aproveitado, ele pode ser reutilizado ou pode ser reciclado, na forma normal dele, pl\u00e1stico virando pl\u00e1stico, papel virando papel, papel\u00e3o virando papel\u00e3o ou reciclado na forma de energia  e ser transformado em energia t\u00e9rmica ou energia el\u00e9trica\u201d, explica. <\/p>\n<p>Os cons\u00f3rcios foram apoiados pela Secretaria de Estado de Meio Ambiente e Desenvolvimento Sustent\u00e1vel (Semad), por meio de um manual espec\u00edfico sobre o chamamento p\u00fablico. A Semad tamb\u00e9m forneceu orienta\u00e7\u00f5es t\u00e9cnicas e mobiliza\u00e7\u00e3o para os munic\u00edpios e cons\u00f3rcios interessados.<\/p>\n<p>Os cons\u00f3rcios selecionados foram o Cons\u00f3rcio Regional de Saneamento B\u00e1sico Central de Minas (Coresab), o Cons\u00f3rcio Regional de Saneamento B\u00e1sico do Sul de Minas (Consane) e o Cons\u00f3rcio P\u00fablico Intermunicipal Multifinalit\u00e1rio do Alto Rio Pardo (Comar).<\/p>\n<p>O Consane abrange 12 munic\u00edpios e tem como objetivo regionalizar a gest\u00e3o de res\u00edduos s\u00f3lidos urbanos. O Comar pode beneficiar mais 14 munic\u00edpios. Os representantes dos cons\u00f3rcios destacaram os desafios da destina\u00e7\u00e3o adequada de res\u00edduos s\u00f3lidos e a import\u00e2ncia da habilita\u00e7\u00e3o para promover a conscientiza\u00e7\u00e3o sobre o assunto.<\/p>\n<p>A elabora\u00e7\u00e3o dos estudos de viabilidade t\u00e9cnica da gest\u00e3o regionalizada dos res\u00edduos s\u00f3lidos urbanos pode receber at\u00e9 R$ 18.701.990,73 de financiamento, e caso sejam contemplados, os munic\u00edpios n\u00e3o ter\u00e3o custos por meio do Fundo de Apoio \u00e0 Estrutura\u00e7\u00e3o de Projetos de Concess\u00e3o e PPP da Caixa Econ\u00f4mica Federal ou do BNDES.<\/p>\n<p>Os benef\u00edcios desses projetos incluem a erradica\u00e7\u00e3o de lix\u00f5es, a redu\u00e7\u00e3o da polui\u00e7\u00e3o do solo, ar e \u00e1gua, a melhoria na qualidade dos servi\u00e7os, a gera\u00e7\u00e3o de renda na cadeia de reciclagem, o aumento de escala, a otimiza\u00e7\u00e3o de custos e o uso das melhores tecnologias para o tratamento adequado dos res\u00edduos.<\/p>\n<p>O edital de chamamento p\u00fablico da Caixa Econ\u00f4mica Federal e do BNDES teve como alvo cons\u00f3rcios intermunicipais e arranjos regionais para a elabora\u00e7\u00e3o de projetos de concess\u00f5es no setor de saneamento b\u00e1sico, especificamente no manejo de res\u00edduos s\u00f3lidos urbanos. Os cons\u00f3rcios selecionados ser\u00e3o financiados pelo Fundo de Apoio \u00e0 Estrutura\u00e7\u00e3o de Projetos de Concess\u00e3o e Parceria P\u00fablico-Privado da Caixa Econ\u00f4mica Federal ou pelo BNDES.<\/p>\n<p> Fonte: Brasil61<\/p>\n<input type=\"hidden\" id=\"baseurl\" value=\"https:\/\/noticiasdestaque.com.br\"><input type=\"hidden\" id=\"audio_nonce\" value=\"6f73a554f1\">","protected":false},"excerpt":{"rendered":"<p>Os projetos totalizam 43 munic\u00edpios das regi\u00f5es central, sul de Minas e do Alto Rio Pardo de Minas<\/p>\n","protected":false},"author":1,"featured_media":7869,"comment_status":"open","ping_status":"open","sticky":false,"template":"","format":"standard","meta":{"fifu_image_url":"","fifu_image_alt":"","footnotes":""},"categories":[1],"tags":[106],"class_list":["post-7867","post","type-post","status-publish","format-standard","has-post-thumbnail","hentry","category-uncategorized","tag-brunna-pareja"],"distributor_meta":false,"distributor_terms":false,"distributor_media":false,"distributor_original_site_name":"Noticias em Destaque","distributor_original_site_url":"https:\/\/noticiasdestaque.com.br","push-errors":false,"_links":{"self":[{"href":"https:\/\/noticiasdestaque.com.br\/index.php\/wp-json\/wp\/v2\/posts\/7867","targetHints":{"allow":["GET"]}}],"collection":[{"href":"https:\/\/noticiasdestaque.com.br\/index.php\/wp-json\/wp\/v2\/posts"}],"about":[{"href":"https:\/\/noticiasdestaque.com.br\/index.php\/wp-json\/wp\/v2\/types\/post"}],"author":[{"embeddable":true,"href":"https:\/\/noticiasdestaque.com.br\/index.php\/wp-json\/wp\/v2\/users\/1"}],"replies":[{"embeddable":true,"href":"https:\/\/noticiasdestaque.com.br\/index.php\/wp-json\/wp\/v2\/comments?post=7867"}],"version-history":[{"count":1,"href":"https:\/\/noticiasdestaque.com.br\/index.php\/wp-json\/wp\/v2\/posts\/7867\/revisions"}],"predecessor-version":[{"id":7868,"href":"https:\/\/noticiasdestaque.com.br\/index.php\/wp-json\/wp\/v2\/posts\/7867\/revisions\/7868"}],"wp:featuredmedia":[{"embeddable":true,"href":"https:\/\/noticiasdestaque.com.br\/index.php\/wp-json\/wp\/v2\/media\/7869"}],"wp:attachment":[{"href":"https:\/\/noticiasdestaque.com.br\/index.php\/wp-json\/wp\/v2\/media?parent=7867"}],"wp:term":[{"taxonomy":"category","embeddable":true,"href":"https:\/\/noticiasdestaque.com.br\/index.php\/wp-json\/wp\/v2\/categories?post=7867"},{"taxonomy":"post_tag","embeddable":true,"href":"https:\/\/noticiasdestaque.com.br\/index.php\/wp-json\/wp\/v2\/tags?post=7867"}],"curies":[{"name":"wp","href":"https:\/\/api.w.org\/{rel}","templated":true}]}}