{"id":7858,"date":"2023-06-03T15:00:00","date_gmt":"2023-06-03T15:00:00","guid":{"rendered":"https:\/\/noticiasdestaque.com.br\/index.php\/2023\/06\/03\/colina-sp-prefeito-defende-que-congresso-aprove-pec-que-ajude-a-pagar-piso-da-enfermagem\/"},"modified":"2023-06-03T15:00:00","modified_gmt":"2023-06-03T15:00:00","slug":"colina-sp-prefeito-defende-que-congresso-aprove-pec-que-ajude-a-pagar-piso-da-enfermagem","status":"publish","type":"post","link":"https:\/\/noticiasdestaque.com.br\/index.php\/2023\/06\/03\/colina-sp-prefeito-defende-que-congresso-aprove-pec-que-ajude-a-pagar-piso-da-enfermagem\/","title":{"rendered":"Colina (SP): prefeito defende que Congresso aprove PEC que ajude a pagar piso da enfermagem"},"content":{"rendered":"<p>A defini\u00e7\u00e3o de um piso salarial maior para os profissionais da \u00e1rea de enfermagem trouxe desafios para as prefeituras de todo o pa\u00eds. Desde a assinatura do Projeto de Lei do Congresso Nacional (PLN) que regulamenta o piso salarial para profissionais da enfermagem que varia de R$ 2,3 mil a R$ 4,7 mil, gestores municipais t\u00eam ficado apreensivos com os cofres locais.<\/p>\n<p>Para o prefeito de Colina (SP), Dieb Taha, a maioria das prefeituras que dependem em sua maioria de recursos federais precisa de uma altera\u00e7\u00e3o nos repasses para que possam cumprir com as obriga\u00e7\u00f5es referentes ao piso da enfermagem, entre elas est\u00e1 a PEC 25\/2022, que visa ampliar o repasse em 1,5% do Fundo de Participa\u00e7\u00e3o dos Munic\u00edpios (FPM) no m\u00eas de mar\u00e7o de cada ano e garantir uma fonte permanente para custeio do piso da enfermagem.<\/p>\n<p>\u201cAinda mais nesse momento dif\u00edcil que n\u00f3s estamos passando, n\u00e3o s\u00f3 com o piso da enfermagem, como o piso da educa\u00e7\u00e3o, enfim, \u00e9 uma receita muito importante que necessitamos desse trabalho em conjunto com os munic\u00edpios do nosso Brasil para que  tenhamos uma arrecada\u00e7\u00e3o maior e melhor para que possamos conseguir atender toda a demanda do munic\u00edpio\u201d, comenta.<\/p>\n<p>No \u00faltimo dia 30, durante uma reuni\u00e3o realizada na sede da Confedera\u00e7\u00e3o Nacional de Munic\u00edpios (CNM), em Bras\u00edlia, que discutiu o piso salarial da enfermagem e contou com a presen\u00e7a de gestores municipais de todo o pa\u00eds. o presidente da Confedera\u00e7\u00e3o, Paulo Ziulkoski, expressou que, embora n\u00e3o sejam contra o reajuste do piso, a exig\u00eancia de que as prefeituras financiem esse aumento pode trazer mais dificuldades para os or\u00e7amentos municipais. <\/p>\n<p>&#8220;Acho que todo mundo tem que ganhar bem e os enfermeiros t\u00eam que ganhar. Agora, tem que ter dinheiro para pagar. Nesse per\u00edodo, faltando um ano e meio para terminar o mandato, os munic\u00edpios brasileiros j\u00e1 est\u00e3o ultrapassando o limite de gastos em todas as \u00e1reas, com conta no vermelho. O que pode ser feito? Se um piso deste entrar em vigor, aprofunda essa crise&#8221;, enfatiza.<\/p>\n<p>A CNM informou que a revis\u00e3o do sal\u00e1rio m\u00ednimo para enfermeiros, t\u00e9cnicos e auxiliares de enfermagem e parteiras vai gerar um acr\u00e9scimo de R$ 10,5 bilh\u00f5es nos gastos dos munic\u00edpios. A PEC 25\/2022 est\u00e1 atualmente estagnada na Comiss\u00e3o de Constitui\u00e7\u00e3o e Justi\u00e7a (CCJ) da C\u00e2mara dos Deputados. O grupo de prefeitos est\u00e1 fazendo um esfor\u00e7o para persuadir os parlamentares a colocar a proposta em pauta, para vota\u00e7\u00e3o.<\/p>\n<p><strong>Veja Mais:<\/strong><\/p>\n<\/p>\n<p> Fonte: Brasil61<\/p>\n<input type=\"hidden\" id=\"baseurl\" value=\"https:\/\/noticiasdestaque.com.br\"><input type=\"hidden\" id=\"audio_nonce\" value=\"5128c810d9\">","protected":false},"excerpt":{"rendered":"<p>Defini\u00e7\u00e3o de um piso salarial maior para os profissionais da \u00e1rea de enfermagem trouxe desafios no repasse do valor para as prefeituras de todo o pa\u00eds<\/p>\n","protected":false},"author":1,"featured_media":7860,"comment_status":"open","ping_status":"open","sticky":false,"template":"","format":"standard","meta":{"fifu_image_url":"","fifu_image_alt":"","footnotes":""},"categories":[1],"tags":[106],"class_list":["post-7858","post","type-post","status-publish","format-standard","has-post-thumbnail","hentry","category-uncategorized","tag-brunna-pareja"],"distributor_meta":false,"distributor_terms":false,"distributor_media":false,"distributor_original_site_name":"Noticias em Destaque","distributor_original_site_url":"https:\/\/noticiasdestaque.com.br","push-errors":false,"_links":{"self":[{"href":"https:\/\/noticiasdestaque.com.br\/index.php\/wp-json\/wp\/v2\/posts\/7858","targetHints":{"allow":["GET"]}}],"collection":[{"href":"https:\/\/noticiasdestaque.com.br\/index.php\/wp-json\/wp\/v2\/posts"}],"about":[{"href":"https:\/\/noticiasdestaque.com.br\/index.php\/wp-json\/wp\/v2\/types\/post"}],"author":[{"embeddable":true,"href":"https:\/\/noticiasdestaque.com.br\/index.php\/wp-json\/wp\/v2\/users\/1"}],"replies":[{"embeddable":true,"href":"https:\/\/noticiasdestaque.com.br\/index.php\/wp-json\/wp\/v2\/comments?post=7858"}],"version-history":[{"count":1,"href":"https:\/\/noticiasdestaque.com.br\/index.php\/wp-json\/wp\/v2\/posts\/7858\/revisions"}],"predecessor-version":[{"id":7859,"href":"https:\/\/noticiasdestaque.com.br\/index.php\/wp-json\/wp\/v2\/posts\/7858\/revisions\/7859"}],"wp:featuredmedia":[{"embeddable":true,"href":"https:\/\/noticiasdestaque.com.br\/index.php\/wp-json\/wp\/v2\/media\/7860"}],"wp:attachment":[{"href":"https:\/\/noticiasdestaque.com.br\/index.php\/wp-json\/wp\/v2\/media?parent=7858"}],"wp:term":[{"taxonomy":"category","embeddable":true,"href":"https:\/\/noticiasdestaque.com.br\/index.php\/wp-json\/wp\/v2\/categories?post=7858"},{"taxonomy":"post_tag","embeddable":true,"href":"https:\/\/noticiasdestaque.com.br\/index.php\/wp-json\/wp\/v2\/tags?post=7858"}],"curies":[{"name":"wp","href":"https:\/\/api.w.org\/{rel}","templated":true}]}}