{"id":7816,"date":"2023-06-01T15:55:00","date_gmt":"2023-06-01T15:55:00","guid":{"rendered":"https:\/\/noticiasdestaque.com.br\/index.php\/2023\/06\/01\/camara-de-sp-aprova-revisao-do-plano-diretor-estrategico-em-turno\/"},"modified":"2023-06-01T15:55:00","modified_gmt":"2023-06-01T15:55:00","slug":"camara-de-sp-aprova-revisao-do-plano-diretor-estrategico-em-turno","status":"publish","type":"post","link":"https:\/\/noticiasdestaque.com.br\/index.php\/2023\/06\/01\/camara-de-sp-aprova-revisao-do-plano-diretor-estrategico-em-turno\/","title":{"rendered":"C\u00e2mara de SP aprova revis\u00e3o do Plano Diretor Estrat\u00e9gico em 1\u00ba turno"},"content":{"rendered":"<style> bloco.meta {font-style: italic; color: #666;font-weight: 600;font-size: .8em; \/* line-height: .3em; *\/}  text h2 { font-weight: 700 !important;  color: #062f46 !important;} text img { width: none; left: none;}<\/style>\n<\/p>\n<p>A C\u00e2mara dos Vereadores de S\u00e3o Paulo aprovou nessa quarta-feira (31), em primeira discuss\u00e3o [primeiro turno], a revis\u00e3o do Plano Diretor Estrat\u00e9gico (PDE) da cidade. A vota\u00e7\u00e3o foi acompanhada por movimentos de moradia, que protestaram contra a aprova\u00e7\u00e3o do plano. Por causa da chuva que atingiu a capital paulista durante todo o dia, a manifesta\u00e7\u00e3o n\u00e3o ocorreu na rua, como estava agendada, mas na galeria da C\u00e2mara.<aimg src=\"https:\/\/aagenciabrasil.ebc.com.br\/ebc.apng?id=1536454 o=node\" style=\"width:1px; height:1px; display:inline;\"><\/aimg><aimg src=\"https:\/\/aagenciabrasil.ebc.com.br\/ebc.agif?id=1536454 o=node\" style=\"width:1px; height:1px; display:inline;\"><\/aimg><\/p>\n<p>A revis\u00e3o do Plano Diretor Estrat\u00e9gico (PDE) foi protocolada em mar\u00e7o deste ano na C\u00e2mara Municipal. Desde ent\u00e3o, a revis\u00e3o tem gerado intenso debate. Sob vaias, a revis\u00e3o do plano foi aprovada pelos vereadores em primeiro turno, com 42 votos favor\u00e1veis e 12 contr\u00e1rios, sem nenhuma absten\u00e7\u00e3o.<\/p>\n<p>O debate sobre a revis\u00e3o \u00e9 t\u00e3o intenso que a Promotoria de Justi\u00e7a e de Habita\u00e7\u00e3o e Urbanismo de S\u00e3o Paulo informou, nesta semana, ter entrado com <a href=\"https:\/\/agenciabrasil.ebc.com.br\/geral\/noticia\/2023-05\/mp-pede-estudos-tecnicos-sobre-revisao-do-plano-diretor-de-sao-paulo\" target=\"_blank\">a\u00e7\u00e3o civil p\u00fablica<\/a> solicitando que a C\u00e2mara apresente estudos t\u00e9cnicos para embasar as mudan\u00e7as feitas no Plano Diretor, antes que ele seja aprovado.<\/p>\n<p>Ap\u00f3s as cr\u00edticas e protestos da sociedade civil e esse an\u00fancio da Promotoria sobre a instaura\u00e7\u00e3o de a\u00e7\u00e3o civil p\u00fablica, os vereadores disseram que v\u00e3o promover mais oito audi\u00eancias p\u00fablicas antes que o PDE seja votado definitivamente. Ou seja, entre a primeira e a segunda vota\u00e7\u00f5es ser\u00e3o realizadas oito novas audi\u00eancias p\u00fablicas para ouvir representantes do setor urban\u00edstico de engenharia, al\u00e9m da popula\u00e7\u00e3o em geral. O an\u00fancio foi feito pelo presidente da C\u00e2mara dos Vereadores, Milton Leite (Uni\u00e3o), acompanhado pelos vereadores Rubinho Nunes (Uni\u00e3o) e Rodrigo Goulart (PSD), presidente e relator do PDE na Comiss\u00e3o de Pol\u00edtica Urbana, Metropolitana e Meio Ambiente. Ainda n\u00e3o foi definida data para a realiza\u00e7\u00e3o da segunda vota\u00e7\u00e3o.<\/p>\n<p>O Plano Diretor \u00e9 uma lei municipal que orienta o desenvolvimento e o crescimento da cidade. Apresentado pela Comiss\u00e3o de Pol\u00edtica Urbana da C\u00e2mara Municipal de S\u00e3o Paulo, o texto que altera o plano atual permite constru\u00e7\u00f5es acima dos limites vigentes na legisla\u00e7\u00e3o de uso e ocupa\u00e7\u00e3o do solo em \u00e1reas mais pr\u00f3ximas do transporte p\u00fablico. Com isso, a possibilidade de constru\u00e7\u00e3o de mais pr\u00e9dios aumenta na cidade. O novo texto foi finalizado no dia 23 de maio pelo relator da revis\u00e3o, vereador Rodrigo Goulart (PSD).<\/p>\n<p>Para a oposi\u00e7\u00e3o, o texto substitutivo, que foi apresentado pela prefeitura e votado em primeiro turno, atende apenas o mercado imobili\u00e1rio, tendo incorporado 70% das demandas da Associa\u00e7\u00e3o Brasileira de Incorporadoras Imobili\u00e1rias (Abrainc), com \u201calguns trechos copiados na \u00edntegra\u201d, denunciou a bancada feminista do PSOL.<\/p>\n<p>Em entrevista \u00e0 <strong>Ag\u00eancia Brasil<\/strong>, Silvia Ferraro (foto), covereadora do mandato coletivo Bancada Feminista do PSOL e integrante da Comiss\u00e3o de Pol\u00edtica Urbana da C\u00e2mara, fez cr\u00edticas ao novo plano diretor e disse que o partido deve ingressar, na pr\u00f3xima semana, com novo substitutivo. \u201cEsse substitutivo n\u00e3o est\u00e1 valorizando as contribui\u00e7\u00f5es populares, da maioria da popula\u00e7\u00e3o. N\u00f3s, da oposi\u00e7\u00e3o, vamos apresentar outro. Vamos ter um popular para se contrapor ao substitutivo da maioria da C\u00e2mara e do governo [do prefeito] Ricardo Nunes\u201d, afirmou.<\/p>\n<p> nd-widget-wrapper context-cheio_8colunas type-image&#8221;<\/p>\n<input type=\"hidden\" id=\"baseurl\" value=\"https:\/\/noticiasdestaque.com.br\"><input type=\"hidden\" id=\"audio_nonce\" value=\"c9f06e19e6\">","protected":false},"excerpt":{"rendered":"<p>Movimentos em defesa de moradias protestaram contra aprova\u00e7\u00e3o<\/p>\n","protected":false},"author":1,"featured_media":7818,"comment_status":"open","ping_status":"open","sticky":false,"template":"","format":"standard","meta":{"fifu_image_url":"","fifu_image_alt":"","footnotes":""},"categories":[1],"tags":[],"class_list":["post-7816","post","type-post","status-publish","format-standard","has-post-thumbnail","hentry","category-uncategorized"],"distributor_meta":false,"distributor_terms":false,"distributor_media":false,"distributor_original_site_name":"Noticias em Destaque","distributor_original_site_url":"https:\/\/noticiasdestaque.com.br","push-errors":false,"_links":{"self":[{"href":"https:\/\/noticiasdestaque.com.br\/index.php\/wp-json\/wp\/v2\/posts\/7816","targetHints":{"allow":["GET"]}}],"collection":[{"href":"https:\/\/noticiasdestaque.com.br\/index.php\/wp-json\/wp\/v2\/posts"}],"about":[{"href":"https:\/\/noticiasdestaque.com.br\/index.php\/wp-json\/wp\/v2\/types\/post"}],"author":[{"embeddable":true,"href":"https:\/\/noticiasdestaque.com.br\/index.php\/wp-json\/wp\/v2\/users\/1"}],"replies":[{"embeddable":true,"href":"https:\/\/noticiasdestaque.com.br\/index.php\/wp-json\/wp\/v2\/comments?post=7816"}],"version-history":[{"count":1,"href":"https:\/\/noticiasdestaque.com.br\/index.php\/wp-json\/wp\/v2\/posts\/7816\/revisions"}],"predecessor-version":[{"id":7817,"href":"https:\/\/noticiasdestaque.com.br\/index.php\/wp-json\/wp\/v2\/posts\/7816\/revisions\/7817"}],"wp:featuredmedia":[{"embeddable":true,"href":"https:\/\/noticiasdestaque.com.br\/index.php\/wp-json\/wp\/v2\/media\/7818"}],"wp:attachment":[{"href":"https:\/\/noticiasdestaque.com.br\/index.php\/wp-json\/wp\/v2\/media?parent=7816"}],"wp:term":[{"taxonomy":"category","embeddable":true,"href":"https:\/\/noticiasdestaque.com.br\/index.php\/wp-json\/wp\/v2\/categories?post=7816"},{"taxonomy":"post_tag","embeddable":true,"href":"https:\/\/noticiasdestaque.com.br\/index.php\/wp-json\/wp\/v2\/tags?post=7816"}],"curies":[{"name":"wp","href":"https:\/\/api.w.org\/{rel}","templated":true}]}}