{"id":7813,"date":"2023-06-01T15:25:00","date_gmt":"2023-06-01T15:25:00","guid":{"rendered":"https:\/\/noticiasdestaque.com.br\/index.php\/2023\/06\/01\/economia-brasileira-cresce-no-primeiro-trimestre-deste-ano\/"},"modified":"2023-06-01T15:25:00","modified_gmt":"2023-06-01T15:25:00","slug":"economia-brasileira-cresce-no-primeiro-trimestre-deste-ano","status":"publish","type":"post","link":"https:\/\/noticiasdestaque.com.br\/index.php\/2023\/06\/01\/economia-brasileira-cresce-no-primeiro-trimestre-deste-ano\/","title":{"rendered":"Economia brasileira cresce 1,9% no primeiro trimestre deste ano"},"content":{"rendered":"<style> bloco.meta {font-style: italic; color: #666;font-weight: 600;font-size: .8em; \/* line-height: .3em; *\/}  text h2 { font-weight: 700 !important;  color: #062f46 !important;} text img { width: none; left: none;}<\/style>\n<\/p>\n<p>O Produto Interno Bruto (PIB), ou seja, a soma de todos os bens e servi\u00e7os produzidos no pa\u00eds, cresceu 1,9% no primeiro trimestre deste ano, na compara\u00e7\u00e3o com os \u00faltimos tr\u00eas meses do ano passado.<aimg src=\"https:\/\/aagenciabrasil.ebc.com.br\/ebc.apng?id=1536453 o=node\" style=\"width:1px; height:1px; display:inline;\"><\/aimg><aimg src=\"https:\/\/aagenciabrasil.ebc.com.br\/ebc.agif?id=1536453 o=node\" style=\"width:1px; height:1px; display:inline;\"><\/aimg><\/p>\n<p>O PIB, no per\u00edodo, somou R$ 2,6 trilh\u00f5es. O dado foi divulgado nesta quinta-feira (1\u00ba) pelo Instituto Brasileiro de Geografia e Estat\u00edstica (IBGE).<\/p>\n<p>Na compara\u00e7\u00e3o com o primeiro trimestre do ano passado, a economia brasileira avan\u00e7ou 4%. O PIB acumula alta de 3,3% no per\u00edodo de 12 meses.<\/p>\n<h2>Setores<\/h2>\n<p>O crescimento na compara\u00e7\u00e3o com o trimestre anterior foi puxado pela agropecu\u00e1ria, que teve alta de 21,6%. Segundo o IBGE, o resultado \u00e9 explicado principalmente pelo aumento da produ\u00e7\u00e3o da soja, principal lavoura de gr\u00e3os do pa\u00eds, que concentra 70% da safra no primeiro trimestre e deve fechar este ano com recorde.<\/p>\n<p>Os servi\u00e7os, principal setor da economia brasileira, tamb\u00e9m teve crescimento no per\u00edodo (0,6%), com destaque para o desempenho das atividades de transportes e de atividades financeiras (ambos com alta de 1,2%).<\/p>\n<p>A ind\u00fastria, por sua vez, teve varia\u00e7\u00e3o negativa de 0,1% no per\u00edodo, o que, segundo o IBGE, representa estabilidade. Bens de capital (m\u00e1quinas e equipamentos usados no setor produtivo) e bens intermedi\u00e1rios (insumos industrializados usados no setor produtivo) apresentaram queda, enquanto as ind\u00fastrias extrativas cresceram 2,3% e atividade de eletricidade e \u00e1gua, g\u00e1s, esgoto, atividades de gest\u00e3o de res\u00edduos subiu 1,7%<\/p>\n<p>Sob a \u00f3tica da demanda, o crescimento foi sustentado pelo consumo das fam\u00edlias, com alta de 0,2%, e pelo consumo do governo, com crescimento de 0,3%. A forma\u00e7\u00e3o bruta de capital fixo, isto \u00e9, os investimentos, caiu 3,4% no per\u00edodo.<\/p>\n<p>No setor externo, as exporta\u00e7\u00f5es de bens e servi\u00e7os ca\u00edram 0,4%. As importa\u00e7\u00f5es, por sua vez, recuaram 7,1%, contribuindo positivamente para o PIB.<\/p>\n<p><em>Mat\u00e9ria atualizada \u00e0s 9h22 e \u00e0s 10h21 para corrigir informa\u00e7\u00f5es no sexto par\u00e1grafo. <\/em><\/p>\n<p class=\"alt-font font-italic my-2 small text-info\">\n                                                Edi\u00e7\u00e3o:   Kelly Oliveira                    <\/p>\n<p>            <!-- blog End --><\/p>\n<p>            <!-- tag and share --><\/p>\n<p> Fonte: EBC <\/p>\n<input type=\"hidden\" id=\"baseurl\" value=\"https:\/\/noticiasdestaque.com.br\"><input type=\"hidden\" id=\"audio_nonce\" value=\"c9f06e19e6\">","protected":false},"excerpt":{"rendered":"<p>Segundo o IBGE, o PIB acumula alta de 3,3% no per\u00edodo de 12 meses<\/p>\n","protected":false},"author":1,"featured_media":7815,"comment_status":"open","ping_status":"open","sticky":false,"template":"","format":"standard","meta":{"fifu_image_url":"","fifu_image_alt":"","footnotes":""},"categories":[1],"tags":[107],"class_list":["post-7813","post","type-post","status-publish","format-standard","has-post-thumbnail","hentry","category-uncategorized","tag-closer-vendedor-milionario"],"distributor_meta":false,"distributor_terms":false,"distributor_media":false,"distributor_original_site_name":"Noticias em Destaque","distributor_original_site_url":"https:\/\/noticiasdestaque.com.br","push-errors":false,"_links":{"self":[{"href":"https:\/\/noticiasdestaque.com.br\/index.php\/wp-json\/wp\/v2\/posts\/7813","targetHints":{"allow":["GET"]}}],"collection":[{"href":"https:\/\/noticiasdestaque.com.br\/index.php\/wp-json\/wp\/v2\/posts"}],"about":[{"href":"https:\/\/noticiasdestaque.com.br\/index.php\/wp-json\/wp\/v2\/types\/post"}],"author":[{"embeddable":true,"href":"https:\/\/noticiasdestaque.com.br\/index.php\/wp-json\/wp\/v2\/users\/1"}],"replies":[{"embeddable":true,"href":"https:\/\/noticiasdestaque.com.br\/index.php\/wp-json\/wp\/v2\/comments?post=7813"}],"version-history":[{"count":1,"href":"https:\/\/noticiasdestaque.com.br\/index.php\/wp-json\/wp\/v2\/posts\/7813\/revisions"}],"predecessor-version":[{"id":7814,"href":"https:\/\/noticiasdestaque.com.br\/index.php\/wp-json\/wp\/v2\/posts\/7813\/revisions\/7814"}],"wp:featuredmedia":[{"embeddable":true,"href":"https:\/\/noticiasdestaque.com.br\/index.php\/wp-json\/wp\/v2\/media\/7815"}],"wp:attachment":[{"href":"https:\/\/noticiasdestaque.com.br\/index.php\/wp-json\/wp\/v2\/media?parent=7813"}],"wp:term":[{"taxonomy":"category","embeddable":true,"href":"https:\/\/noticiasdestaque.com.br\/index.php\/wp-json\/wp\/v2\/categories?post=7813"},{"taxonomy":"post_tag","embeddable":true,"href":"https:\/\/noticiasdestaque.com.br\/index.php\/wp-json\/wp\/v2\/tags?post=7813"}],"curies":[{"name":"wp","href":"https:\/\/api.w.org\/{rel}","templated":true}]}}