{"id":7810,"date":"2023-06-01T14:55:00","date_gmt":"2023-06-01T14:55:00","guid":{"rendered":"https:\/\/noticiasdestaque.com.br\/index.php\/2023\/06\/01\/prazo-para-convocacao-de-lista-de-espera-do-fies-termina-nesta-sexta\/"},"modified":"2023-06-01T14:55:00","modified_gmt":"2023-06-01T14:55:00","slug":"prazo-para-convocacao-de-lista-de-espera-do-fies-termina-nesta-sexta","status":"publish","type":"post","link":"https:\/\/noticiasdestaque.com.br\/index.php\/2023\/06\/01\/prazo-para-convocacao-de-lista-de-espera-do-fies-termina-nesta-sexta\/","title":{"rendered":"Prazo para convoca\u00e7\u00e3o de lista de espera do Fies termina nesta sexta"},"content":{"rendered":"<style> bloco.meta {font-style: italic; color: #666;font-weight: 600;font-size: .8em; \/* line-height: .3em; *\/}  text h2 { font-weight: 700 !important;  color: #062f46 !important;} text img { width: none; left: none;}<\/style>\n<\/p>\n<p>O prazo para convoca\u00e7\u00e3o de candidatos selecionados na lista de espera do processo seletivo do primeiro semestre do Fundo de Financiamento Estudantil (Fies) termina nesta sexta-feira (2).<aimg src=\"https:\/\/aagenciabrasil.ebc.com.br\/ebc.apng?id=1536451 o=node\" style=\"width:1px; height:1px; display:inline;\"><\/aimg><aimg src=\"https:\/\/aagenciabrasil.ebc.com.br\/ebc.agif?id=1536451 o=node\" style=\"width:1px; height:1px; display:inline;\"><\/aimg><\/p>\n<p>A etapa, que come\u00e7ou no dia 21 de mar\u00e7o, chegou a ser prorrogada pelo Minist\u00e9rio da Educa\u00e7\u00e3o \u2013 a previs\u00e3o inicial era que a convoca\u00e7\u00e3o fosse encerrada em 18 de maio. Por meio de nota, a pasta informou que j\u00e1 realizou pelo menos sete chamadas de candidatos em lista de espera do Fies.<\/p>\n<blockquote>\n<p>\u201cA prorroga\u00e7\u00e3o atende a solicita\u00e7\u00f5es de estudantes interessados em financiar os seus estudos.\u201d<\/p>\n<\/blockquote>\n<h2>Entenda<\/h2>\n<p>O candidato \u00e9 pr\u00e9-selecionado na lista de espera do Fies quando a vaga que j\u00e1 havia sido destinada para outro candidato, durante convoca\u00e7\u00f5es anteriores, volta para o sistema por n\u00e3o ter sido ocupada. Essa mesma vaga \u00e9 ofertada para o pr\u00f3ximo estudante da lista, de acordo com a ordem de classifica\u00e7\u00e3o. <\/p>\n<p>Em 2023, o Fies oferece 112.168 vagas. O programa concede financiamento a estudantes de cursos de gradua\u00e7\u00e3o em institui\u00e7\u00f5es de educa\u00e7\u00e3o superior privadas. Desde 2018, o Fies\u202fpossibilita juro zero e uma escala de financiamento que varia conforme a renda familiar do candidato. <\/p>\n<p>Pode se inscrever o candidato que tenha participado do Exame Nacional do Ensino M\u00e9dio (Enem), a partir da edi\u00e7\u00e3o de 2010, e tenha obtido m\u00e9dia aritm\u00e9tica nas provas igual ou superior a 450 pontos, al\u00e9m de nota superior\u202fa\u202fzero\u202fna reda\u00e7\u00e3o. Tamb\u00e9m \u00e9 necess\u00e1rio possuir renda familiar mensal bruta, por pessoa, de at\u00e9 tr\u00eas\u202fsal\u00e1rios m\u00ednimos.\u202f <\/p>\n<\/p>\n<p class=\"alt-font font-italic my-2 small text-info\">\n                                                Edi\u00e7\u00e3o:   Denise Griesinger                    <\/p>\n<p>            <!-- blog End --><\/p>\n<p>            <!-- tag and share --><\/p>\n<p> Fonte: EBC <\/p>\n<input type=\"hidden\" id=\"baseurl\" value=\"https:\/\/noticiasdestaque.com.br\"><input type=\"hidden\" id=\"audio_nonce\" value=\"c9f06e19e6\">","protected":false},"excerpt":{"rendered":"<p>programa concede financiamento a estudantes de cursos de gradua\u00e7\u00e3o<\/p>\n","protected":false},"author":1,"featured_media":7812,"comment_status":"open","ping_status":"open","sticky":false,"template":"","format":"standard","meta":{"fifu_image_url":"","fifu_image_alt":"","footnotes":""},"categories":[1],"tags":[174],"class_list":["post-7810","post","type-post","status-publish","format-standard","has-post-thumbnail","hentry","category-uncategorized","tag-internacao-para-alcoolatras"],"distributor_meta":false,"distributor_terms":false,"distributor_media":false,"distributor_original_site_name":"Noticias em Destaque","distributor_original_site_url":"https:\/\/noticiasdestaque.com.br","push-errors":false,"_links":{"self":[{"href":"https:\/\/noticiasdestaque.com.br\/index.php\/wp-json\/wp\/v2\/posts\/7810","targetHints":{"allow":["GET"]}}],"collection":[{"href":"https:\/\/noticiasdestaque.com.br\/index.php\/wp-json\/wp\/v2\/posts"}],"about":[{"href":"https:\/\/noticiasdestaque.com.br\/index.php\/wp-json\/wp\/v2\/types\/post"}],"author":[{"embeddable":true,"href":"https:\/\/noticiasdestaque.com.br\/index.php\/wp-json\/wp\/v2\/users\/1"}],"replies":[{"embeddable":true,"href":"https:\/\/noticiasdestaque.com.br\/index.php\/wp-json\/wp\/v2\/comments?post=7810"}],"version-history":[{"count":1,"href":"https:\/\/noticiasdestaque.com.br\/index.php\/wp-json\/wp\/v2\/posts\/7810\/revisions"}],"predecessor-version":[{"id":7811,"href":"https:\/\/noticiasdestaque.com.br\/index.php\/wp-json\/wp\/v2\/posts\/7810\/revisions\/7811"}],"wp:featuredmedia":[{"embeddable":true,"href":"https:\/\/noticiasdestaque.com.br\/index.php\/wp-json\/wp\/v2\/media\/7812"}],"wp:attachment":[{"href":"https:\/\/noticiasdestaque.com.br\/index.php\/wp-json\/wp\/v2\/media?parent=7810"}],"wp:term":[{"taxonomy":"category","embeddable":true,"href":"https:\/\/noticiasdestaque.com.br\/index.php\/wp-json\/wp\/v2\/categories?post=7810"},{"taxonomy":"post_tag","embeddable":true,"href":"https:\/\/noticiasdestaque.com.br\/index.php\/wp-json\/wp\/v2\/tags?post=7810"}],"curies":[{"name":"wp","href":"https:\/\/api.w.org\/{rel}","templated":true}]}}