{"id":7792,"date":"2023-06-01T12:25:00","date_gmt":"2023-06-01T12:25:00","guid":{"rendered":"https:\/\/noticiasdestaque.com.br\/index.php\/2023\/06\/01\/brasil-precisa-de-investimentos-publicos-e-privados-na-area-da-saude-diz-especialista\/"},"modified":"2023-06-01T12:25:00","modified_gmt":"2023-06-01T12:25:00","slug":"brasil-precisa-de-investimentos-publicos-e-privados-na-area-da-saude-diz-especialista","status":"publish","type":"post","link":"https:\/\/noticiasdestaque.com.br\/index.php\/2023\/06\/01\/brasil-precisa-de-investimentos-publicos-e-privados-na-area-da-saude-diz-especialista\/","title":{"rendered":"Brasil precisa de investimentos p\u00fablicos e privados na \u00e1rea da sa\u00fade, diz especialista"},"content":{"rendered":"<p>A parceria entre o poder p\u00fablico e a ind\u00fastria privada \u00e9 fundamental para o desenvolvimento da sa\u00fade no Brasil, de acordo com a farmac\u00eautica e especialista em gest\u00e3o de sa\u00fade p\u00fablica Helaine Capucho. Para ela, a miss\u00e3o \u201cSa\u00fade e Seguran\u00e7a Sanit\u00e1ria\u201d, prevista no plano de retomada do setor industrial da Confedera\u00e7\u00e3o Nacional da Ind\u00fastria (CNI), traz uma vis\u00e3o ampla sobre o tema.  <\/p>\n<p>\u201cEssa proposta pode, sim, desenvolver melhor a \u00e1rea industrial da sa\u00fade no pa\u00eds. N\u00f3s vimos como ficamos ref\u00e9ns do mercado externo durante o auge da pandemia de Covid-19\u201d, destaca a especialista.<\/p>\n<p>Helaine Capucho afirma que a proposta \u00e9 um incentivo para que o pa\u00eds receba investimentos p\u00fablicos e privados para o desenvolvimento da ind\u00fastria de sa\u00fade no pa\u00eds.<\/p>\n<p>\u201cA miss\u00e3o sa\u00fade e seguran\u00e7a tem seis programas e nesses programas, eles contemplam n\u00e3o s\u00f3 ter a tecnologia no pa\u00eds, mas tamb\u00e9m desenvolver, desde a produ\u00e7\u00e3o dos insumos farmac\u00eauticos ativos, como tamb\u00e9m estimular a produ\u00e7\u00e3o de medicamento e equipamentos no pa\u00eds, materiais m\u00e9dico-hospitalares, que s\u00e3o os produtos para a sa\u00fade, e tamb\u00e9m assist\u00eancia farmac\u00eautica\u201d, pontua.<\/p>\n<p>De acordo com o governo federal, a sa\u00fade \u00e9 um segmento estrat\u00e9gico para o crescimento do complexo industrial do pa\u00eds, respondendo por 10% do Produto Interno Bruto (PIB). Entretanto, o setor possui d\u00e9ficit comercial crescente e atingiu recorde de US$ 20 bilh\u00f5es em importa\u00e7\u00f5es. <\/p>\n<\/p>\n<h2>Plano de Retomada da Ind\u00fastria<\/h2>\n<p>Descarboniza\u00e7\u00e3o da economia; transforma\u00e7\u00e3o digital; sa\u00fade e seguran\u00e7a sanit\u00e1ria; e defesa e seguran\u00e7a nacional s\u00e3o as quatro miss\u00f5es previstas no Plano de Retomada proposto pela CNI. O objetivo da terceira miss\u00e3o \u00e9 a universaliza\u00e7\u00e3o do acesso \u00e0 sa\u00fade e o desenvolvimento competitivo da cadeia de produ\u00e7\u00e3o e exporta\u00e7\u00e3o de medicamentos, vacinas, testes, protocolos, equipamentos e servi\u00e7os. <\/p>\n<p>Neste sentido, a proposta prev\u00ea seis programas considerados providenciais: desenvolvimento e produ\u00e7\u00e3o de vacinas; produ\u00e7\u00e3o de insumos farmac\u00eauticos; produ\u00e7\u00e3o de medicamentos; presta\u00e7\u00e3o de servi\u00e7os para a ind\u00fastria farmac\u00eautica; produ\u00e7\u00e3o de materiais e equipamentos m\u00e9dicos; e assist\u00eancia farmac\u00eautica. A gerente de Pol\u00edtica Industrial da CNI, Samantha Cunha, afirma que j\u00e1 existem sinaliza\u00e7\u00f5es positivas para a implementa\u00e7\u00e3o da miss\u00e3o Sa\u00fade e Seguran\u00e7a Sanit\u00e1ria. <\/p>\n<p>\u201cUma foi a cria\u00e7\u00e3o, pelo governo federal, do Grupo Executivo do Complexo Econ\u00f4mico-Industrial da Sa\u00fade, no in\u00edcio de abril. Outra sinaliza\u00e7\u00e3o positiva foi o an\u00fancio, pelo  Comit\u00ea Executivo do Conselho de Desenvolvimento Industrial, de sete miss\u00f5es para a pol\u00edtica industrial e uma delas \u00e9 a miss\u00e3o do complexo da sa\u00fade resiliente, para a preven\u00e7\u00e3o e tratamento de doen\u00e7as\u201d, ressalta. <\/p>\n<p>O <a href=\"http:\/\/www.planalto.gov.br\/ccivil_03\/_ato2023-2026\/2023\/decreto\/D11464.htm\">decreto 11.464\/2023<\/a> estabelece que o grupo tem a finalidade de promover a articula\u00e7\u00e3o governamental e formular medidas e a\u00e7\u00f5es, tendo em vista fortalecer a produ\u00e7\u00e3o e a inova\u00e7\u00e3o para atender ao Sistema \u00danico de Sa\u00fade (SUS) e assegurar o acesso universal, equ\u00e2nime e integral \u00e0 sa\u00fade.<\/p>\n<p> Fonte: Brasil61<\/p>\n<input type=\"hidden\" id=\"baseurl\" value=\"https:\/\/noticiasdestaque.com.br\"><input type=\"hidden\" id=\"audio_nonce\" value=\"34245022d4\">","protected":false},"excerpt":{"rendered":"<p>Helaine Capucho acredita que a miss\u00e3o Sa\u00fade e Seguran\u00e7a Sanit\u00e1ria, proposta no Plano de Retomada da Ind\u00fastria da CNI, pode ajudar pa\u00eds a n\u00e3o ficar ref\u00e9m do mercado externo<\/p>\n","protected":false},"author":1,"featured_media":7794,"comment_status":"open","ping_status":"open","sticky":false,"template":"","format":"standard","meta":{"fifu_image_url":"","fifu_image_alt":"","footnotes":""},"categories":[1],"tags":[112],"class_list":["post-7792","post","type-post","status-publish","format-standard","has-post-thumbnail","hentry","category-uncategorized","tag-energreener"],"distributor_meta":false,"distributor_terms":false,"distributor_media":false,"distributor_original_site_name":"Noticias em Destaque","distributor_original_site_url":"https:\/\/noticiasdestaque.com.br","push-errors":false,"_links":{"self":[{"href":"https:\/\/noticiasdestaque.com.br\/index.php\/wp-json\/wp\/v2\/posts\/7792","targetHints":{"allow":["GET"]}}],"collection":[{"href":"https:\/\/noticiasdestaque.com.br\/index.php\/wp-json\/wp\/v2\/posts"}],"about":[{"href":"https:\/\/noticiasdestaque.com.br\/index.php\/wp-json\/wp\/v2\/types\/post"}],"author":[{"embeddable":true,"href":"https:\/\/noticiasdestaque.com.br\/index.php\/wp-json\/wp\/v2\/users\/1"}],"replies":[{"embeddable":true,"href":"https:\/\/noticiasdestaque.com.br\/index.php\/wp-json\/wp\/v2\/comments?post=7792"}],"version-history":[{"count":1,"href":"https:\/\/noticiasdestaque.com.br\/index.php\/wp-json\/wp\/v2\/posts\/7792\/revisions"}],"predecessor-version":[{"id":7793,"href":"https:\/\/noticiasdestaque.com.br\/index.php\/wp-json\/wp\/v2\/posts\/7792\/revisions\/7793"}],"wp:featuredmedia":[{"embeddable":true,"href":"https:\/\/noticiasdestaque.com.br\/index.php\/wp-json\/wp\/v2\/media\/7794"}],"wp:attachment":[{"href":"https:\/\/noticiasdestaque.com.br\/index.php\/wp-json\/wp\/v2\/media?parent=7792"}],"wp:term":[{"taxonomy":"category","embeddable":true,"href":"https:\/\/noticiasdestaque.com.br\/index.php\/wp-json\/wp\/v2\/categories?post=7792"},{"taxonomy":"post_tag","embeddable":true,"href":"https:\/\/noticiasdestaque.com.br\/index.php\/wp-json\/wp\/v2\/tags?post=7792"}],"curies":[{"name":"wp","href":"https:\/\/api.w.org\/{rel}","templated":true}]}}