{"id":745,"date":"2022-10-27T14:54:21","date_gmt":"2022-10-27T17:54:21","guid":{"rendered":"https:\/\/www.diariofama.com.br\/?p=745"},"modified":"2022-10-27T14:54:21","modified_gmt":"2022-10-27T17:54:21","slug":"rio-fecha-ultimo-manicomio-da-rede-municipal-de-saude","status":"publish","type":"post","link":"https:\/\/noticiasdestaque.com.br\/index.php\/2022\/10\/27\/rio-fecha-ultimo-manicomio-da-rede-municipal-de-saude\/","title":{"rendered":"Rio fecha \u00faltimo manic\u00f4mio da rede municipal de sa\u00fade"},"content":{"rendered":"<style> bloco.meta {font-style: italic; color: #666;font-weight: 600;font-size: .8em; \/* line-height: .3em; *\/}  text h2 { font-weight: 700 !important;  color: #062f46 !important;} text img { width: none; left: none;}<\/style>\n<p>A Secretaria Municipal de Sa\u00fade do Rio de Janeiro encerrou hoje (27) as atividades de interna\u00e7\u00e3o do Instituto Municipal de Assist\u00eancia \u00e0 Sa\u00fade Juliano Moreira, com a desativa\u00e7\u00e3o do \u00faltimo n\u00facleo do complexo psiqui\u00e1trico, o Franco da Rocha. Com isso, segundo a pasta, o munic\u00edpio do Rio de Janeiro conclui o processo de desinstitucionaliza\u00e7\u00e3o de pacientes psiqui\u00e1tricos, um marco da luta antimanicomial.<\/p>\n<p>Conhecida pelo antigo nome de Col\u00f4nia Juliano Moreira, a unidade, localizada na regi\u00e3o de Jacarepagu\u00e1, na zona oeste, chegou a abrigar, em seu auge, 5,3 mil internos em seus 79 hospitais e pavilh\u00f5es, desativados gradativamente ao longo dos anos.<\/p>\n<p>De acordo com a secretaria, para viabilizar o fim das interna\u00e7\u00f5es, foram criadas condi\u00e7\u00f5es para que os pacientes pudessem retornar ao conv\u00edvio familiar, morar sozinhos ou ter alta para servi\u00e7o residencial terap\u00eautico.<\/p>\n<p>Segundo o superintendente de Sa\u00fade Mental da Secretaria, Hugo Fagundes, a rede municipal d\u00e1 um passo importante com o fechamento do manic\u00f4mio federal que foi municipalizado no final dos anos 1990. O m\u00e9dico psiquiatra disse que, atualmente, as 567 pessoas atendidas vivem em 97 resid\u00eancias terap\u00eauticas pela cidade do Rio.<\/p>\n<p>\u201cS\u00e3o pessoas que viveram 40, 50 anos internadas. A gente, de fato, consegue virar essa p\u00e1gina e construir no s\u00e9culo 21 um Rio sem manic\u00f4mios\u201d, disse o superintendente. \u201cHoje estamos completando um ciclo importante na hist\u00f3ria da reforma psiqui\u00e1trica do Rio. A ideia \u00e9 ter um Sistema \u00danico de Sa\u00fade forte capaz de oferecer para as pessoas a melhor qualidade de vida e a integra\u00e7\u00e3o na vida social da cidade\u201d.<\/p>\n<p class=\"alt-font font-italic my-2 small text-info\">\n                                                Edi\u00e7\u00e3o:   L\u00edlian Beraldo<\/p>\n<p>            <!-- blog End --><\/p>\n<p><!-- tag and share --><\/p>\n<p>Fonte: EBC<\/p>\n<input type=\"hidden\" id=\"baseurl\" value=\"https:\/\/noticiasdestaque.com.br\"><input type=\"hidden\" id=\"audio_nonce\" value=\"9fd43fe80e\">","protected":false},"excerpt":{"rendered":"<p>Col\u00f4nia Juliano Moreira chegou a abrigar 5,3 mil internos<\/p>\n","protected":false},"author":1,"featured_media":746,"comment_status":"open","ping_status":"open","sticky":false,"template":"","format":"standard","meta":{"fifu_image_url":"","fifu_image_alt":"","footnotes":""},"categories":[51],"tags":[],"class_list":["post-745","post","type-post","status-publish","format-standard","has-post-thumbnail","hentry","category-saude"],"distributor_meta":false,"distributor_terms":false,"distributor_media":false,"distributor_original_site_name":"Portal de Recupera\u00e7\u00e3o","distributor_original_site_url":"https:\/\/portalderecuperacao.com","push-errors":false,"_links":{"self":[{"href":"https:\/\/noticiasdestaque.com.br\/index.php\/wp-json\/wp\/v2\/posts\/745","targetHints":{"allow":["GET"]}}],"collection":[{"href":"https:\/\/noticiasdestaque.com.br\/index.php\/wp-json\/wp\/v2\/posts"}],"about":[{"href":"https:\/\/noticiasdestaque.com.br\/index.php\/wp-json\/wp\/v2\/types\/post"}],"author":[{"embeddable":true,"href":"https:\/\/noticiasdestaque.com.br\/index.php\/wp-json\/wp\/v2\/users\/1"}],"replies":[{"embeddable":true,"href":"https:\/\/noticiasdestaque.com.br\/index.php\/wp-json\/wp\/v2\/comments?post=745"}],"version-history":[{"count":0,"href":"https:\/\/noticiasdestaque.com.br\/index.php\/wp-json\/wp\/v2\/posts\/745\/revisions"}],"wp:featuredmedia":[{"embeddable":true,"href":"https:\/\/noticiasdestaque.com.br\/index.php\/wp-json\/wp\/v2\/media\/746"}],"wp:attachment":[{"href":"https:\/\/noticiasdestaque.com.br\/index.php\/wp-json\/wp\/v2\/media?parent=745"}],"wp:term":[{"taxonomy":"category","embeddable":true,"href":"https:\/\/noticiasdestaque.com.br\/index.php\/wp-json\/wp\/v2\/categories?post=745"},{"taxonomy":"post_tag","embeddable":true,"href":"https:\/\/noticiasdestaque.com.br\/index.php\/wp-json\/wp\/v2\/tags?post=745"}],"curies":[{"name":"wp","href":"https:\/\/api.w.org\/{rel}","templated":true}]}}