{"id":742,"date":"2022-10-27T14:49:59","date_gmt":"2022-10-27T17:49:59","guid":{"rendered":"https:\/\/www.diariofama.com.br\/?p=742"},"modified":"2022-10-27T14:49:59","modified_gmt":"2022-10-27T17:49:59","slug":"bondinho-pao-de-acucar-completa-anos","status":"publish","type":"post","link":"https:\/\/noticiasdestaque.com.br\/index.php\/2022\/10\/27\/bondinho-pao-de-acucar-completa-anos\/","title":{"rendered":"Bondinho P\u00e3o de A\u00e7\u00facar completa 110 anos"},"content":{"rendered":"<style> bloco.meta {font-style: italic; color: #666;font-weight: 600;font-size: .8em; \/* line-height: .3em; *\/}  text h2 { font-weight: 700 !important;  color: #062f46 !important;} text img { width: none; left: none;}<\/style>\n<p>Um das mais famosas atra\u00e7\u00f5es da cidade do Rio de Janeiro, o <a href=\"https:\/\/bondinho.com.br\/\" target=\"_blank\" rel=\"noopener\">Bondinho P\u00e3o de A\u00e7\u00facar<\/a> completa 110 anos hoje (27). Desde que foi criado, j\u00e1 recebeu aproximadamente 50 milh\u00f5es de visitantes e \u00e9 o telef\u00e9rico em funcionamento mais antigo do mundo.<\/p>\n<p>Situado em uma importante \u00e1rea de conserva\u00e7\u00e3o ambiental, entre duas montanhas cobertas pela Mata Atl\u00e2ntica, o Parque Bondinho P\u00e3o de A\u00e7\u00facar conta com um trecho inicial que liga a Praia Vermelha ao Morro da Urca, numa extens\u00e3o de 528 metros, a 227 metros de altura. Outros 750 metros separam o Morro da Urca do P\u00e3o de A\u00e7\u00facar, sendo o ponto mais alto com 396 metros acima do n\u00edvel do mar.<\/p>\n<p>Durante todo o dia, os visitantes que fazem anivers\u00e1rio na mesma data que o bondinho poder\u00e3o retirar seus ingressos de forma gratuita na bilheteria.<\/p>\n<p>\u201cEstamos muito orgulhosos de completar 110 anos, mantendo vivos os valores que fazem parte da nossa hist\u00f3ria e que nos permitiram chegar at\u00e9 aqui, como seguran\u00e7a, inova\u00e7\u00e3o, sustentabilidade e paix\u00e3o por encantar\u201d, disse o CEO do Parque Bondinho P\u00e3o de A\u00e7\u00facar, Sandro Fernandes.<\/p>\n<p>nd-widget-wrapper context-grande_6colunas type-image atom-align-left&#8221;<\/p>\n<input type=\"hidden\" id=\"baseurl\" value=\"https:\/\/noticiasdestaque.com.br\"><input type=\"hidden\" id=\"audio_nonce\" value=\"9fd43fe80e\">","protected":false},"excerpt":{"rendered":"<p>Data \u00e9 comemorada com teatro musical, oficinas e brincadeiras<\/p>\n","protected":false},"author":1,"featured_media":743,"comment_status":"open","ping_status":"open","sticky":false,"template":"","format":"standard","meta":{"fifu_image_url":"","fifu_image_alt":"","footnotes":""},"categories":[52],"tags":[],"class_list":["post-742","post","type-post","status-publish","format-standard","has-post-thumbnail","hentry","category-entretenimento"],"distributor_meta":false,"distributor_terms":false,"distributor_media":false,"distributor_original_site_name":"Portal de Recupera\u00e7\u00e3o","distributor_original_site_url":"https:\/\/portalderecuperacao.com","push-errors":false,"_links":{"self":[{"href":"https:\/\/noticiasdestaque.com.br\/index.php\/wp-json\/wp\/v2\/posts\/742","targetHints":{"allow":["GET"]}}],"collection":[{"href":"https:\/\/noticiasdestaque.com.br\/index.php\/wp-json\/wp\/v2\/posts"}],"about":[{"href":"https:\/\/noticiasdestaque.com.br\/index.php\/wp-json\/wp\/v2\/types\/post"}],"author":[{"embeddable":true,"href":"https:\/\/noticiasdestaque.com.br\/index.php\/wp-json\/wp\/v2\/users\/1"}],"replies":[{"embeddable":true,"href":"https:\/\/noticiasdestaque.com.br\/index.php\/wp-json\/wp\/v2\/comments?post=742"}],"version-history":[{"count":0,"href":"https:\/\/noticiasdestaque.com.br\/index.php\/wp-json\/wp\/v2\/posts\/742\/revisions"}],"wp:featuredmedia":[{"embeddable":true,"href":"https:\/\/noticiasdestaque.com.br\/index.php\/wp-json\/wp\/v2\/media\/743"}],"wp:attachment":[{"href":"https:\/\/noticiasdestaque.com.br\/index.php\/wp-json\/wp\/v2\/media?parent=742"}],"wp:term":[{"taxonomy":"category","embeddable":true,"href":"https:\/\/noticiasdestaque.com.br\/index.php\/wp-json\/wp\/v2\/categories?post=742"},{"taxonomy":"post_tag","embeddable":true,"href":"https:\/\/noticiasdestaque.com.br\/index.php\/wp-json\/wp\/v2\/tags?post=742"}],"curies":[{"name":"wp","href":"https:\/\/api.w.org\/{rel}","templated":true}]}}