{"id":733,"date":"2022-10-27T09:43:41","date_gmt":"2022-10-27T12:43:41","guid":{"rendered":"https:\/\/www.diariofama.com.br\/?p=733"},"modified":"2022-10-27T09:43:41","modified_gmt":"2022-10-27T12:43:41","slug":"faturamento-de-quatro-a-cada-dez-pequenos-negocios-aumentou-em-agosto","status":"publish","type":"post","link":"https:\/\/noticiasdestaque.com.br\/index.php\/2022\/10\/27\/faturamento-de-quatro-a-cada-dez-pequenos-negocios-aumentou-em-agosto\/","title":{"rendered":"Faturamento de quatro a cada dez pequenos neg\u00f3cios aumentou em agosto"},"content":{"rendered":"<p>O n\u00famero de pequenos neg\u00f3cios com redu\u00e7\u00e3o de faturamento diminuiu nos \u00faltimos quatro meses. \u00c9 o que mostra uma pesquisa feita pelo Sebrae, em parceria com o Instituto Brasileiro de Geografia e Estat\u00edstica (IBGE). De acordo com o estudo, em agosto, cerca de quatro a cada dez empresas (38%) apresentaram aumento de faturamento, em rela\u00e7\u00e3o ao mesmo m\u00eas de 2021. Al\u00e9m disso, 25% mantiveram o n\u00edvel e 28% disseram ter perdido faturamento.<\/p>\n<p>Gerente de uma agropecu\u00e1ria em Juiz de Fora, Minas Gerais, Ana Aline conta que nos primeiros meses de 2022 o faturamento da loja ainda era afetado pela pandemia, mas hoje j\u00e1 sente uma pequena melhora.<\/p>\n<p>\u201cNo segundo semestre a gente sentiu que as coisas j\u00e1 come\u00e7aram a melhorar, voltar talvez num patamar pr\u00e9-pandemia. No setor pet, a gente sentiu um crescimento do primeiro semestre para o segundo com um in\u00edcio de uma melhoria, ainda est\u00e1 um pouco est\u00e1vel, por\u00e9m a gente sente o in\u00edcio de um crescimento.\u201d<\/p>\n<p>A empresa mineira exemplifica os dados da pesquisa mais recente: que os pequenos neg\u00f3cios recuperaram o faturamento e est\u00e3o com um n\u00edvel de receita, em m\u00e9dia, 3% superior. Em abril, os n\u00fameros da \u00faltima an\u00e1lise ainda registravam uma queda m\u00e9dia de 7% na receita. Setores como energia, ind\u00fastria de base tecnol\u00f3gica, academias de gin\u00e1stica e agroneg\u00f3cio puxam esses n\u00fameros.<\/p>\n<p>Segundo o analista de competitividade do Sebrae nacional, Alberto Vallim, o que explica, em parte, o aumento do faturamento \u00e9 o in\u00edcio de uma recupera\u00e7\u00e3o das perdas que aconteceram ao longo da pandemia. Mas existem outros fatores que precisam ser levados em conta.<\/p>\n<p>\u201cNos \u00faltimos meses a gente teve um al\u00edvio de algumas condi\u00e7\u00f5es que estavam pressionando as empresas no primeiro semestre, como aumento de custos muito forte. Houve tamb\u00e9m uma pequena melhoria agora e isso tamb\u00e9m ajudou tanto para as empresas organizarem suas finan\u00e7as como tamb\u00e9m para a retomada do consumo\u201d, explica o analista.<\/p>\n<p>Reportagem, L\u00edvia Braz.<\/p>\n<p>Fonte: Brasil61<\/p>\n<input type=\"hidden\" id=\"baseurl\" value=\"https:\/\/noticiasdestaque.com.br\"><input type=\"hidden\" id=\"audio_nonce\" value=\"9fd43fe80e\">","protected":false},"excerpt":{"rendered":"<p>Pesquisa compara crescimento com agosto de 2021. Setores como energia, ind\u00fastria de base tecnol\u00f3gica, academias de gin\u00e1stica e agroneg\u00f3cio puxam esses n\u00fameros <\/p>\n","protected":false},"author":1,"featured_media":734,"comment_status":"open","ping_status":"open","sticky":false,"template":"","format":"standard","meta":{"fifu_image_url":"","fifu_image_alt":"","footnotes":""},"categories":[59],"tags":[],"class_list":["post-733","post","type-post","status-publish","format-standard","has-post-thumbnail","hentry","category-economia"],"distributor_meta":false,"distributor_terms":false,"distributor_media":false,"distributor_original_site_name":"Portal de Recupera\u00e7\u00e3o","distributor_original_site_url":"https:\/\/portalderecuperacao.com","push-errors":false,"_links":{"self":[{"href":"https:\/\/noticiasdestaque.com.br\/index.php\/wp-json\/wp\/v2\/posts\/733","targetHints":{"allow":["GET"]}}],"collection":[{"href":"https:\/\/noticiasdestaque.com.br\/index.php\/wp-json\/wp\/v2\/posts"}],"about":[{"href":"https:\/\/noticiasdestaque.com.br\/index.php\/wp-json\/wp\/v2\/types\/post"}],"author":[{"embeddable":true,"href":"https:\/\/noticiasdestaque.com.br\/index.php\/wp-json\/wp\/v2\/users\/1"}],"replies":[{"embeddable":true,"href":"https:\/\/noticiasdestaque.com.br\/index.php\/wp-json\/wp\/v2\/comments?post=733"}],"version-history":[{"count":0,"href":"https:\/\/noticiasdestaque.com.br\/index.php\/wp-json\/wp\/v2\/posts\/733\/revisions"}],"wp:featuredmedia":[{"embeddable":true,"href":"https:\/\/noticiasdestaque.com.br\/index.php\/wp-json\/wp\/v2\/media\/734"}],"wp:attachment":[{"href":"https:\/\/noticiasdestaque.com.br\/index.php\/wp-json\/wp\/v2\/media?parent=733"}],"wp:term":[{"taxonomy":"category","embeddable":true,"href":"https:\/\/noticiasdestaque.com.br\/index.php\/wp-json\/wp\/v2\/categories?post=733"},{"taxonomy":"post_tag","embeddable":true,"href":"https:\/\/noticiasdestaque.com.br\/index.php\/wp-json\/wp\/v2\/tags?post=733"}],"curies":[{"name":"wp","href":"https:\/\/api.w.org\/{rel}","templated":true}]}}