{"id":706,"date":"2022-10-25T23:12:33","date_gmt":"2022-10-26T02:12:33","guid":{"rendered":"https:\/\/www.diariofama.com.br\/2022\/10\/25\/policia-civil-prende-em-goiania-o-barao-do-trafico\/"},"modified":"2022-10-25T23:12:33","modified_gmt":"2022-10-26T02:12:33","slug":"policia-civil-prende-em-goiania-o-barao-do-trafico","status":"publish","type":"post","link":"https:\/\/noticiasdestaque.com.br\/index.php\/2022\/10\/25\/policia-civil-prende-em-goiania-o-barao-do-trafico\/","title":{"rendered":"Pol\u00edcia Civil prende em Goi\u00e2nia o \u201cBar\u00e3o do Tr\u00e1fico\u201d"},"content":{"rendered":"<p style=\"text-align: justify;\">A Pol\u00edcia Civil, por interm\u00e9dio da Delegacia Estadual de Repress\u00e3o a Narc\u00f3ticos (Denarc), prendeu neste s\u00e1bado (22\/10) Carlos Noronha, de 58 anos, considerado um grande atacadista de coca\u00edna e um dos principais traficantes de drogas do Estado de Goi\u00e1s. A a\u00e7\u00e3o ocorreu no Setor Sul, em Goi\u00e2nia, sendo o investigado preso em um luxuoso sobrado onde vivia. H\u00e1 d\u00e9cadas no crime, o primeiro registro de Carlos remonta a 1992, quando foi preso pela primeira vez por furto a resid\u00eancia em Bras\u00edlia. A partir de ent\u00e3o, migrou para o tr\u00e1fico de drogas, alcan\u00e7ando status de traficante internacional e colecionando registros pela Pol\u00edcia Federal e Pol\u00edcias Civis de Pernambuco, Goi\u00e1s, Minas Gerais e Distrito Federal por tr\u00e1fico, associa\u00e7\u00e3o para tr\u00e1fico, organiza\u00e7\u00e3o criminosa, falsidade documental, lavagem de dinheiro e homic\u00eddio. Em 2001, quando recebia, em Bras\u00edlia, um carregamento de coca\u00edna vindo da Bol\u00edvia trocou tiros com a Pol\u00edcia Federal e, apesar de alvejado no pesco\u00e7o, foi socorrido e sobreviveu. O ferimento afetou sua voz e lhe rendeu o apelido de Pato Rouco. Em 2021, foi preso na Opera\u00e7\u00e3o Sborone, da Pol\u00edcia Civil do Distrito Federal, acusado de tr\u00e1fico de drogas, organiza\u00e7\u00e3o criminosa e lavagem de dinheiro. No \u00e2mbito da opera\u00e7\u00e3o, 1,4 tonelada de drogas foram apreendidas. Meses depois, foi solto e responde ao processo em liberdade.<\/p>\n<p style=\"text-align: justify;\">Em solo goiano, no m\u00eas de setembro deste ano, foi indiciado como l\u00edder de uma associa\u00e7\u00e3o que transportava 280 kg de cloridrato de coca\u00edna, droga com grande teor de pureza e alt\u00edssimo valor agregado, avaliada em cerca de R$ 14 milh\u00f5es. O carregamento foi apreendido no munic\u00edpio de Vian\u00f3polis. Na oportunidade, tr\u00eas associados foram presos. Eles conduziam o caminh\u00e3o onde a droga estava acondicionada e um carro que promovia a escolta. Com a atual pris\u00e3o preventiva, estima-se que Carlos Noronha permane\u00e7a preso durante a instru\u00e7\u00e3o do processo que apura o tr\u00e1fico de drogas ocorrido em Vian\u00f3polis e, caso condenado, cumpra as penas deste e dos demais que responde. Sua pris\u00e3o constitui um duro golpe no crime organizado e evita iminente dissemina\u00e7\u00e3o de enorme quantidade de drogas em todo Centro-Oeste brasileiro.<\/p>\n<p style=\"text-align: justify;\">A divulga\u00e7\u00e3o da imagem e identifica\u00e7\u00e3o do preso foi precedida nos termos da Lei n.\u00ba 13.869, Portaria n.\u00ba 547\/2021 \u2013 PC e Despacho do Delegado de Pol\u00edcia respons\u00e1vel pela investiga\u00e7\u00e3o, tendo em vista o interesse p\u00fablico, em especial com intento de fomentar a colabora\u00e7\u00e3o de testemunhas e identificar outros delitos praticados pelo indiciado.<\/p>\n<div id=\"gallery-1\" class=\"gallery galleryid-108223 gallery-columns-2 gallery-size-thumbnail\">\n<figure class=\"gallery-item\">\n<div class=\"gallery-icon portrait\"><\/div>\n<\/figure>\n<figure class=\"gallery-item\">\n<div class=\"gallery-icon landscape\"><\/div>\n<\/figure>\n<\/div>\n<p>Fonte: PCGO<\/p>\n<input type=\"hidden\" id=\"baseurl\" value=\"https:\/\/noticiasdestaque.com.br\"><input type=\"hidden\" id=\"audio_nonce\" value=\"9fd43fe80e\">","protected":false},"excerpt":{"rendered":"<p>A Pol\u00edcia Civil, por interm\u00e9dio da Delegacia Estadual de Repress\u00e3o a Narc\u00f3ticos (Denarc), prendeu neste s\u00e1bado (22\/10) Carlos Noronha, de 58 anos, considerado um grande atacadista de coca\u00edna e um dos principais traficantes de drogas do Estado de Goi\u00e1s. A a\u00e7\u00e3o ocorreu no Setor Sul, em Goi\u00e2nia, sendo o investigado preso em um luxuoso sobrado [&hellip;]<\/p>\n","protected":false},"author":1,"featured_media":707,"comment_status":"open","ping_status":"open","sticky":false,"template":"","format":"standard","meta":{"fifu_image_url":"","fifu_image_alt":"","footnotes":""},"categories":[48],"tags":[],"class_list":["post-706","post","type-post","status-publish","format-standard","has-post-thumbnail","hentry","category-mundo"],"distributor_meta":false,"distributor_terms":false,"distributor_media":false,"distributor_original_site_name":"Portal de Recupera\u00e7\u00e3o","distributor_original_site_url":"https:\/\/portalderecuperacao.com","push-errors":false,"_links":{"self":[{"href":"https:\/\/noticiasdestaque.com.br\/index.php\/wp-json\/wp\/v2\/posts\/706","targetHints":{"allow":["GET"]}}],"collection":[{"href":"https:\/\/noticiasdestaque.com.br\/index.php\/wp-json\/wp\/v2\/posts"}],"about":[{"href":"https:\/\/noticiasdestaque.com.br\/index.php\/wp-json\/wp\/v2\/types\/post"}],"author":[{"embeddable":true,"href":"https:\/\/noticiasdestaque.com.br\/index.php\/wp-json\/wp\/v2\/users\/1"}],"replies":[{"embeddable":true,"href":"https:\/\/noticiasdestaque.com.br\/index.php\/wp-json\/wp\/v2\/comments?post=706"}],"version-history":[{"count":0,"href":"https:\/\/noticiasdestaque.com.br\/index.php\/wp-json\/wp\/v2\/posts\/706\/revisions"}],"wp:featuredmedia":[{"embeddable":true,"href":"https:\/\/noticiasdestaque.com.br\/index.php\/wp-json\/wp\/v2\/media\/707"}],"wp:attachment":[{"href":"https:\/\/noticiasdestaque.com.br\/index.php\/wp-json\/wp\/v2\/media?parent=706"}],"wp:term":[{"taxonomy":"category","embeddable":true,"href":"https:\/\/noticiasdestaque.com.br\/index.php\/wp-json\/wp\/v2\/categories?post=706"},{"taxonomy":"post_tag","embeddable":true,"href":"https:\/\/noticiasdestaque.com.br\/index.php\/wp-json\/wp\/v2\/tags?post=706"}],"curies":[{"name":"wp","href":"https:\/\/api.w.org\/{rel}","templated":true}]}}