{"id":700,"date":"2022-10-25T17:34:14","date_gmt":"2022-10-25T20:34:14","guid":{"rendered":"https:\/\/www.diariofama.com.br\/?p=700"},"modified":"2022-10-25T17:34:14","modified_gmt":"2022-10-25T20:34:14","slug":"na-maior-feira-de-alimentos-do-mundo-setor-busca-retorno-de-mais-de-r-milhoes-em-exportacoes","status":"publish","type":"post","link":"https:\/\/noticiasdestaque.com.br\/index.php\/2022\/10\/25\/na-maior-feira-de-alimentos-do-mundo-setor-busca-retorno-de-mais-de-r-milhoes-em-exportacoes\/","title":{"rendered":"Na maior feira de alimentos do mundo, setor busca retorno de mais de R$ 200 milh\u00f5es em exporta\u00e7\u00f5es"},"content":{"rendered":"<p>Cem empres\u00e1rios brasileiros liderados pela Confedera\u00e7\u00e3o Nacional da Ind\u00fastria (CNI) participaram da maior feira de alimentos e bebidas do mundo, na Fran\u00e7a. No Sal\u00e3o Internacional da Alimenta\u00e7\u00e3o (Sial), realizado em Paris, a miss\u00e3o brasileira pode participar de rodadas de neg\u00f3cios com rendimento previsto de mais de R$ 200 milh\u00f5es em exporta\u00e7\u00f5es nos 12 meses seguintes.<\/p>\n<p>Inaugurada em 1964, a feira visa a prospec\u00e7\u00e3o de novos produtos e fornecedores, al\u00e9m de divulgar para o setor de alimentos novas tend\u00eancias e mercados. \u201cDesde 2006, n\u00f3s temos uma estrat\u00e9gia cont\u00ednua de participa\u00e7\u00e3o no evento. Contudo, sempre trabalhando miss\u00f5es mais focadas em um segmento aliment\u00edcio: ou o org\u00e2nico, ou o setor c\u00e1rnico, ou o setor de sucos ou de bebidas\u201d, conta Sarah Saldanha, Gerente de Internacionaliza\u00e7\u00e3o da CNI.<\/p>\n<p>Realizada a cada dois anos, a Sial n\u00e3o teve a edi\u00e7\u00e3o de 2020, devido \u00e0 pandemia de Covid-19. Com isso, a expectativa para o evento da pr\u00f3xima semana, aumentou. \u201cEste ano, observando a grande oportunidade que n\u00f3s temos de posicionar a imagem da ind\u00fastria brasileira, n\u00f3s estamos trabalhando m\u00faltiplos setores e numa feira grande com stands, encontros de neg\u00f3cios com mais de 27 comprados j\u00e1 selecionados, circuitos guiados na feira e visitas t\u00e9cnicas a supermercados, centros de inova\u00e7\u00e3o tecnol\u00f3gica, loja de alimenta\u00e7\u00e3o premium, para que a empresa, de fato, volte e traga na sua bagagem informa\u00e7\u00e3o, conhecimento e neg\u00f3cios&#8221;, revela Saldanha.<\/p>\n<p>A feira recebe visitantes de mais de 200 pa\u00edses, dentre produtores, importadores, compradores e varejistas, especialistas em m\u00eddia e associa\u00e7\u00f5es independentes. A delega\u00e7\u00e3o brasileira vai representar, ao todo, 94 empresas do pa\u00eds, instaladas em 13 estados:  Bahia, Cear\u00e1, Esp\u00edrito Santo, Maranh\u00e3o, Mato Grosso, Mato Grosso do Sul, Para\u00edba, Rio de Janeiro, Rio Grande do Sul, Roraima, Santa Catarina, S\u00e3o Paulo e Tocantins. A Miss\u00e3o Comercial Sial Paris 2022 ocorreu entre os dias 14 e 19 de outubro, numa parceria da CNI com o Servi\u00e7o Brasileiro de Apoio \u00e0s Micro e Pequenas Empresas (Sebrae).<\/p>\n<h2>Ind\u00fastria aliment\u00edcia<\/h2>\n<p>O setor aliment\u00edcio \u00e9 o bra\u00e7o da ind\u00fastria que mais emprega no Brasil: mais de 1,6 milh\u00e3o de trabalhadores em 45 mil empresas. Dados da CNI apontam que, no primeiro semestre de 2022, as vendas da ind\u00fastria brasileira de alimentos cresceram cerca de 3,2%, o que tamb\u00e9m foi acompanhado pela produ\u00e7\u00e3o, com alta de 2,6%.<\/p>\n<p>Fonte: Brasil61<\/p>\n<input type=\"hidden\" id=\"baseurl\" value=\"https:\/\/noticiasdestaque.com.br\"><input type=\"hidden\" id=\"audio_nonce\" value=\"9fd43fe80e\">","protected":false},"excerpt":{"rendered":"<p>Liderada pela CNI, comitiva com mais de cem empres\u00e1rios do Brasil participou da Sial, maior feira de alimentos do mundo, em Paris<\/p>\n","protected":false},"author":1,"featured_media":705,"comment_status":"open","ping_status":"open","sticky":false,"template":"","format":"standard","meta":{"fifu_image_url":"","fifu_image_alt":"","footnotes":""},"categories":[59],"tags":[],"class_list":["post-700","post","type-post","status-publish","format-standard","has-post-thumbnail","hentry","category-economia"],"distributor_meta":false,"distributor_terms":false,"distributor_media":false,"distributor_original_site_name":"Portal de Recupera\u00e7\u00e3o","distributor_original_site_url":"https:\/\/portalderecuperacao.com","push-errors":false,"_links":{"self":[{"href":"https:\/\/noticiasdestaque.com.br\/index.php\/wp-json\/wp\/v2\/posts\/700","targetHints":{"allow":["GET"]}}],"collection":[{"href":"https:\/\/noticiasdestaque.com.br\/index.php\/wp-json\/wp\/v2\/posts"}],"about":[{"href":"https:\/\/noticiasdestaque.com.br\/index.php\/wp-json\/wp\/v2\/types\/post"}],"author":[{"embeddable":true,"href":"https:\/\/noticiasdestaque.com.br\/index.php\/wp-json\/wp\/v2\/users\/1"}],"replies":[{"embeddable":true,"href":"https:\/\/noticiasdestaque.com.br\/index.php\/wp-json\/wp\/v2\/comments?post=700"}],"version-history":[{"count":0,"href":"https:\/\/noticiasdestaque.com.br\/index.php\/wp-json\/wp\/v2\/posts\/700\/revisions"}],"wp:featuredmedia":[{"embeddable":true,"href":"https:\/\/noticiasdestaque.com.br\/index.php\/wp-json\/wp\/v2\/media\/705"}],"wp:attachment":[{"href":"https:\/\/noticiasdestaque.com.br\/index.php\/wp-json\/wp\/v2\/media?parent=700"}],"wp:term":[{"taxonomy":"category","embeddable":true,"href":"https:\/\/noticiasdestaque.com.br\/index.php\/wp-json\/wp\/v2\/categories?post=700"},{"taxonomy":"post_tag","embeddable":true,"href":"https:\/\/noticiasdestaque.com.br\/index.php\/wp-json\/wp\/v2\/tags?post=700"}],"curies":[{"name":"wp","href":"https:\/\/api.w.org\/{rel}","templated":true}]}}