{"id":689,"date":"2022-10-25T09:51:09","date_gmt":"2022-10-25T12:51:09","guid":{"rendered":"https:\/\/www.diariofama.com.br\/?p=689"},"modified":"2022-10-25T09:51:09","modified_gmt":"2022-10-25T12:51:09","slug":"ultima-parcela-de-outubro-do-auxilio-brasil-e-paga-hoje","status":"publish","type":"post","link":"https:\/\/noticiasdestaque.com.br\/index.php\/2022\/10\/25\/ultima-parcela-de-outubro-do-auxilio-brasil-e-paga-hoje\/","title":{"rendered":"\u00daltima parcela de outubro do Aux\u00edlio Brasil \u00e9 paga hoje"},"content":{"rendered":"<style> bloco.meta {font-style: italic; color: #666;font-weight: 600;font-size: .8em; \/* line-height: .3em; *\/}  text h2 { font-weight: 700 !important;  color: #062f46 !important;} text img { width: none; left: none;}<\/style>\n<p>A Caixa Econ\u00f4mica Federal conclui hoje (25) o pagamento da parcela de outubro do Aux\u00edlio Brasil. Recebem nesta ter\u00e7a-feira os benefici\u00e1rios com N\u00famero de Inscri\u00e7\u00e3o Social (NIS) de final 0.<\/p>\n<p>Essa \u00e9 a terceira parcela com o valor m\u00ednimo de R$ 600, conforme <a href=\"https:\/\/agenciabrasil.ebc.com.br\/politica\/noticia\/2022-07\/congresso-promulga-pec-que-aumenta-beneficios-sociais-ate-dezembro\" target=\"_blank\" rel=\"noopener\">emenda constitucional<\/a> promulgada em julho pelo Congresso Nacional. O valor vigorar\u00e1 at\u00e9 dezembro.<\/p>\n<p>A emenda constitucional tamb\u00e9m liberou a inclus\u00e3o de 2,2 milh\u00f5es de fam\u00edlias no Aux\u00edlio Brasil. Com isso, o total de pessoas atendidas pelo programa <a href=\"https:\/\/agenciabrasil.ebc.com.br\/economia\/noticia\/2022-08\/auxilio-brasil-chega-202-milhoes-de-beneficiarios-este-mes\" target=\"_blank\" rel=\"noopener\">subiu para 20,2 milh\u00f5es<\/a> neste semestre.<\/p>\n<p>Em janeiro, o valor m\u00ednimo do Aux\u00edlio Brasil voltar\u00e1 a R$ 400, a menos que nova proposta de emenda \u00e0 Constitui\u00e7\u00e3o seja aprovada. Tradicionalmente, as datas do Aux\u00edlio Brasil seguem o modelo do Bolsa Fam\u00edlia, que pagava nos dez \u00faltimos dias \u00fateis do m\u00eas. No entanto, <a href=\"https:\/\/agenciabrasil.ebc.com.br\/geral\/noticia\/2022-10\/auxilio-brasil-e-auxilio-gas-vao-depositar-pagamentos-antecipadamente\" target=\"_blank\" rel=\"noopener\">portaria<\/a> editada no in\u00edcio de outubro antecipou o pagamento da parcela deste m\u00eas, que ocorre entre os dias 11 e 25.<\/p>\n<table border=\"2\" cellpadding=\"1\" cellspacing=\"1\" style=\"width:500px;\">\n<caption>\n<h5><\/h5>\n<\/caption>\n<thead>\n<tr>\n<th scope=\"col\">Final do NIS<\/th>\n<th scope=\"col\">Data<\/th>\n<\/tr>\n<\/thead>\n<tbody>\n<tr>\n<td class=\"rtecenter\">1<\/td>\n<td class=\"rtecenter\">11\/10<\/td>\n<\/tr>\n<tr>\n<td class=\"rtecenter\">2<\/td>\n<td class=\"rtecenter\">13\/10<\/td>\n<\/tr>\n<tr>\n<td class=\"rtecenter\">3<\/td>\n<td class=\"rtecenter\">14\/10<\/td>\n<\/tr>\n<tr>\n<td class=\"rtecenter\">4<\/td>\n<td class=\"rtecenter\">17\/10<\/td>\n<\/tr>\n<tr>\n<td class=\"rtecenter\">5<\/td>\n<td class=\"rtecenter\">18\/10<\/td>\n<\/tr>\n<tr>\n<td class=\"rtecenter\">6<\/td>\n<td class=\"rtecenter\">19\/10<\/td>\n<\/tr>\n<tr>\n<td class=\"rtecenter\">7<\/td>\n<td class=\"rtecenter\">20\/10<\/td>\n<\/tr>\n<tr>\n<td class=\"rtecenter\">8<\/td>\n<td class=\"rtecenter\">21\/10<\/td>\n<\/tr>\n<tr>\n<td class=\"rtecenter\">9<\/td>\n<td class=\"rtecenter\">24\/10<\/td>\n<\/tr>\n<tr>\n<td class=\"rtecenter\">0<\/td>\n<td class=\"rtecenter\">25\/10<\/td>\n<\/tr>\n<\/tbody>\n<\/table>\n<h2>Aux\u00edlio G\u00e1s<\/h2>\n<p>A Caixa tamb\u00e9m conclui hoje o pagamento do Aux\u00edlio G\u00e1s \u00e0s fam\u00edlias inscritas no Cadastro \u00danico para Programas Sociais do Governo Federal (Cad\u00danico), com NIS final 0. Com valor de R$ 112 neste m\u00eas, o benef\u00edcio segue o calend\u00e1rio do Aux\u00edlio Brasil.<\/p>\n<p>Com dura\u00e7\u00e3o prevista de cinco anos, o programa beneficiar\u00e1 5,5 milh\u00f5es de fam\u00edlias at\u00e9 o fim de 2026. O benef\u00edcio, que equivalia a 50% do pre\u00e7o m\u00e9dio do botij\u00e3o de 13 quilos nos \u00faltimos seis meses, foi retomado em agosto com o valor de 100% do pre\u00e7o m\u00e9dio, o que equivale a <a href=\"https:\/\/agenciabrasil.ebc.com.br\/economia\/noticia\/2022-08\/auxilio-gas-sera-de-r-110-em-agosto-informa-caixa\" target=\"_blank\" rel=\"noopener\">R$ 112 em outubro<\/a> . O aumento vai vigorar at\u00e9 dezembro, conforme emenda constitucional promulgada pelo Congresso.<\/p>\n<p>Pago a cada dois meses, o Aux\u00edlio G\u00e1s originalmente tinha or\u00e7amento de R$ 1,9 bilh\u00e3o para este ano, mas a verba subiu para R$ 2,95 bilh\u00f5es ap\u00f3s a promulga\u00e7\u00e3o da emenda.<\/p>\n<p>S\u00f3 pode fazer parte do programa quem est\u00e1 inclu\u00eddo no Cad\u00danico e tenha pelo menos um membro da fam\u00edlia que receba o Benef\u00edcio de Presta\u00e7\u00e3o Continuada (BPC). A lei que criou o programa definiu que a mulher respons\u00e1vel pela fam\u00edlia tem prefer\u00eancia, assim como mulheres v\u00edtimas de viol\u00eancia dom\u00e9stica.<\/p>\n<h2>Benef\u00edcios b\u00e1sicos<\/h2>\n<p>O Aux\u00edlio Brasil tem tr\u00eas benef\u00edcios b\u00e1sicos e seis suplementares, que podem ser adicionados caso o benefici\u00e1rio consiga emprego ou tenha filho que se destaque em competi\u00e7\u00f5es esportivas, cient\u00edficas ou acad\u00eamicas.<\/p>\n<p>Podem receber os benef\u00edcios extras as fam\u00edlias com renda <em>per capita<\/em> de at\u00e9 R$ 100, consideradas em situa\u00e7\u00e3o de extrema pobreza, e de at\u00e9 R$ 200, em condi\u00e7\u00e3o de pobreza.<\/p>\n<p>A <a href=\"http:\/\/agenciabrasil.ebc.com.br\/economia\/noticia\/2021-11\/agencia-brasil-explica-como-vai-funcionar-o-auxilio-brasil\" target=\"_blank\" rel=\"noopener\"><strong>Ag\u00eancia Brasil<\/strong><\/a> elaborou guia de perguntas e respostas sobre o Aux\u00edlio Brasil. Entre as d\u00favidas que o benefici\u00e1rio pode tirar est\u00e3o os crit\u00e9rios para integrar o programa social, os nove tipos diferentes de benef\u00edcios e o que aconteceu com o Bolsa Fam\u00edlia e o aux\u00edlio emergencial, que vigoraram at\u00e9 outubro do ano passado.<\/p>\n<p class=\"alt-font font-italic my-2 small text-info\">\n                                                Edi\u00e7\u00e3o:   Gra\u00e7a Adjuto<\/p>\n<p>            <!-- blog End --><\/p>\n<p><!-- tag and share --><\/p>\n<p>Fonte: EBC<\/p>\n<input type=\"hidden\" id=\"baseurl\" value=\"https:\/\/noticiasdestaque.com.br\"><input type=\"hidden\" id=\"audio_nonce\" value=\"9fd43fe80e\">","protected":false},"excerpt":{"rendered":"<p>Recebem nesta ter\u00e7a benefici\u00e1rios com NIS de final 0<\/p>\n","protected":false},"author":1,"featured_media":690,"comment_status":"open","ping_status":"open","sticky":false,"template":"","format":"standard","meta":{"fifu_image_url":"","fifu_image_alt":"","footnotes":""},"categories":[59],"tags":[],"class_list":["post-689","post","type-post","status-publish","format-standard","has-post-thumbnail","hentry","category-economia"],"distributor_meta":false,"distributor_terms":false,"distributor_media":false,"distributor_original_site_name":"Portal de Recupera\u00e7\u00e3o","distributor_original_site_url":"https:\/\/portalderecuperacao.com","push-errors":false,"_links":{"self":[{"href":"https:\/\/noticiasdestaque.com.br\/index.php\/wp-json\/wp\/v2\/posts\/689","targetHints":{"allow":["GET"]}}],"collection":[{"href":"https:\/\/noticiasdestaque.com.br\/index.php\/wp-json\/wp\/v2\/posts"}],"about":[{"href":"https:\/\/noticiasdestaque.com.br\/index.php\/wp-json\/wp\/v2\/types\/post"}],"author":[{"embeddable":true,"href":"https:\/\/noticiasdestaque.com.br\/index.php\/wp-json\/wp\/v2\/users\/1"}],"replies":[{"embeddable":true,"href":"https:\/\/noticiasdestaque.com.br\/index.php\/wp-json\/wp\/v2\/comments?post=689"}],"version-history":[{"count":0,"href":"https:\/\/noticiasdestaque.com.br\/index.php\/wp-json\/wp\/v2\/posts\/689\/revisions"}],"wp:featuredmedia":[{"embeddable":true,"href":"https:\/\/noticiasdestaque.com.br\/index.php\/wp-json\/wp\/v2\/media\/690"}],"wp:attachment":[{"href":"https:\/\/noticiasdestaque.com.br\/index.php\/wp-json\/wp\/v2\/media?parent=689"}],"wp:term":[{"taxonomy":"category","embeddable":true,"href":"https:\/\/noticiasdestaque.com.br\/index.php\/wp-json\/wp\/v2\/categories?post=689"},{"taxonomy":"post_tag","embeddable":true,"href":"https:\/\/noticiasdestaque.com.br\/index.php\/wp-json\/wp\/v2\/tags?post=689"}],"curies":[{"name":"wp","href":"https:\/\/api.w.org\/{rel}","templated":true}]}}