{"id":675,"date":"2022-10-24T16:18:28","date_gmt":"2022-10-24T19:18:28","guid":{"rendered":"https:\/\/www.diariofama.com.br\/2022\/10\/24\/rainha-elizabeth-teria-ficado-horrorizada-pelo-retrato-da-familia-real-da-netflix-em-the-crown\/"},"modified":"2022-10-24T16:18:28","modified_gmt":"2022-10-24T19:18:28","slug":"rainha-elizabeth-teria-ficado-horrorizada-pelo-retrato-da-familia-real-da-netflix-em-the-crown","status":"publish","type":"post","link":"https:\/\/noticiasdestaque.com.br\/index.php\/2022\/10\/24\/rainha-elizabeth-teria-ficado-horrorizada-pelo-retrato-da-familia-real-da-netflix-em-the-crown\/","title":{"rendered":"Rainha Elizabeth teria ficado \u201chorrorizada\u201d pelo retrato da fam\u00edlia real da Netflix em \u201cThe Crown\u201d"},"content":{"rendered":"\n<p>Revirando em seu t\u00famulo! \u00c0 medida que a estreia da 5\u00aa temporada da s\u00e9rie de sucesso da Netflix, The Crown , se aproxima, uma amiga da falecida rainha Elizabeth II lamentou que a monarca ficaria extremamente chateada se ela tivesse visto como o programa est\u00e1 tratando a fam\u00edlia real.<\/p>\n\n\n\n<p>&#8220;Estou horrorizado com o que est\u00e1 acontecendo com a Netflix e como eles est\u00e3o difamando a fam\u00edlia real. \u00c9 cruel&#8221;, revelou o amigo em uma entrevista recente. &#8220;\u00c9 como se eles estivessem tentando destruir a fam\u00edlia real. Isso a teria destru\u00eddo.&#8221;<\/p>\n\n\n\n<p>A fonte tamb\u00e9m criticou Meghan Markle e o pr\u00edncipe Harry por seus neg\u00f3cios em andamento com a plataforma de streaming, alegando: &#8220;Se minha fam\u00edlia fosse vilipendiada assim, n\u00e3o aceitaria um centavo [da Netflix]&#8221;.<\/p>\n\n\n\n<p>Como relatado anteriormente, Dame Judi Dench recentemente classificou o drama da Netflix como &#8220;sensacionalismo bruto&#8221; antes de pedir ao servi\u00e7o de streaming para colocar um aviso de que o programa \u00e9 uma obra de fic\u00e7\u00e3o antes de cada epis\u00f3dio.<\/p>\n\n\n\n<p>&#8220;Quanto mais pr\u00f3ximo o drama se aproxima de nossos tempos atuais, mais livremente parece disposto a borrar as linhas entre precis\u00e3o hist\u00f3rica e sensacionalismo bruto&#8221;, escreveu Dench em um artigo publicado no The Times na quarta-feira, 19 de outubro.<\/p>\n\n\n\n<p>\u201cDadas algumas das sugest\u00f5es dolorosas aparentemente contidas na nova s\u00e9rie \u2013 que o rei Charles conspirou para sua m\u00e3e abdicar, por exemplo, ou uma vez sugeriu que a paternidade de sua m\u00e3e era t\u00e3o deficiente que ela poderia ter merecido uma senten\u00e7a de pris\u00e3o \u2013 isso \u00e9 cruelmente injusto. aos indiv\u00edduos e prejudiciais \u00e0 institui\u00e7\u00e3o que representam&#8221;, continuou ela.<\/p>\n\n\n\n<p>&#8220;Chegou a hora de a Netflix reconsiderar &#8211; pelo bem de uma fam\u00edlia e de uma na\u00e7\u00e3o t\u00e3o recentemente enlutada , como uma marca de respeito a uma soberana que serviu seu povo com tanto dever por 70 anos e para preservar sua pr\u00f3pria reputa\u00e7\u00e3o aos olhos. de seus assinantes brit\u00e2nicos&#8221;, concluiu Dench.<\/p>\n\n\n\n<p><br><\/p>\n<input type=\"hidden\" id=\"baseurl\" value=\"https:\/\/noticiasdestaque.com.br\"><input type=\"hidden\" id=\"audio_nonce\" value=\"9fd43fe80e\">","protected":false},"excerpt":{"rendered":"<p>Revirando em seu t\u00famulo! \u00c0 medida que a estreia da 5\u00aa temporada da s\u00e9rie de sucesso da Netflix, The Crown , se aproxima, uma amiga da falecida rainha Elizabeth II lamentou que a monarca ficaria extremamente chateada se ela tivesse visto como o programa est\u00e1 tratando a fam\u00edlia real. &#8220;Estou horrorizado com o que est\u00e1 [&hellip;]<\/p>\n","protected":false},"author":1,"featured_media":676,"comment_status":"open","ping_status":"open","sticky":false,"template":"","format":"standard","meta":{"fifu_image_url":"","fifu_image_alt":"","footnotes":""},"categories":[52],"tags":[],"class_list":["post-675","post","type-post","status-publish","format-standard","has-post-thumbnail","hentry","category-entretenimento"],"distributor_meta":false,"distributor_terms":false,"distributor_media":false,"distributor_original_site_name":"Brasil em Destaque","distributor_original_site_url":"https:\/\/www.brasilemdestaque.com.br","push-errors":false,"_links":{"self":[{"href":"https:\/\/noticiasdestaque.com.br\/index.php\/wp-json\/wp\/v2\/posts\/675","targetHints":{"allow":["GET"]}}],"collection":[{"href":"https:\/\/noticiasdestaque.com.br\/index.php\/wp-json\/wp\/v2\/posts"}],"about":[{"href":"https:\/\/noticiasdestaque.com.br\/index.php\/wp-json\/wp\/v2\/types\/post"}],"author":[{"embeddable":true,"href":"https:\/\/noticiasdestaque.com.br\/index.php\/wp-json\/wp\/v2\/users\/1"}],"replies":[{"embeddable":true,"href":"https:\/\/noticiasdestaque.com.br\/index.php\/wp-json\/wp\/v2\/comments?post=675"}],"version-history":[{"count":0,"href":"https:\/\/noticiasdestaque.com.br\/index.php\/wp-json\/wp\/v2\/posts\/675\/revisions"}],"wp:featuredmedia":[{"embeddable":true,"href":"https:\/\/noticiasdestaque.com.br\/index.php\/wp-json\/wp\/v2\/media\/676"}],"wp:attachment":[{"href":"https:\/\/noticiasdestaque.com.br\/index.php\/wp-json\/wp\/v2\/media?parent=675"}],"wp:term":[{"taxonomy":"category","embeddable":true,"href":"https:\/\/noticiasdestaque.com.br\/index.php\/wp-json\/wp\/v2\/categories?post=675"},{"taxonomy":"post_tag","embeddable":true,"href":"https:\/\/noticiasdestaque.com.br\/index.php\/wp-json\/wp\/v2\/tags?post=675"}],"curies":[{"name":"wp","href":"https:\/\/api.w.org\/{rel}","templated":true}]}}