{"id":649,"date":"2022-10-24T00:02:53","date_gmt":"2022-10-24T03:02:53","guid":{"rendered":"https:\/\/www.diariofama.com.br\/?p=649"},"modified":"2022-10-24T00:02:53","modified_gmt":"2022-10-24T03:02:53","slug":"roberto-jefferson-lancou-granada-contra-policiais-federais","status":"publish","type":"post","link":"https:\/\/noticiasdestaque.com.br\/index.php\/2022\/10\/24\/roberto-jefferson-lancou-granada-contra-policiais-federais\/","title":{"rendered":"Roberto Jefferson lan\u00e7ou granada contra policiais federais"},"content":{"rendered":"<style> bloco.meta {font-style: italic; color: #666;font-weight: 600;font-size: .8em; \/* line-height: .3em; *\/}  text h2 { font-weight: 700 !important;  color: #062f46 !important;} text img { width: none; left: none;}<\/style>\n<p>Em nota divulgada na tarde de hoje (23), o Minist\u00e9rio da Justi\u00e7a e Seguran\u00e7a P\u00fablica detalhou que dois policiais federais foram feridos por estilha\u00e7os de granada quando cumpriam ordem de pris\u00e3o contra o ex-deputado Roberto Jefferson, na cidade de Levy Gasparian, no interior do Rio de Janeiro. O explosivo foi arremessado pelo pr\u00f3prio pol\u00edtico, de acordo com o texto.<\/p>\n<p>Segundo o minist\u00e9rio, os agentes, que n\u00e3o tiveram seus nomes divulgados, foram levados imediatamente ao pronto socorro e, ap\u00f3s o atendimento m\u00e9dico, ambos foram liberados e passam bem.<\/p>\n<p>A Pol\u00edcia Federal refor\u00e7ou a equipe que busca cumprir o mandado de pris\u00e3o, e os policiais permanecem no local, onde Roberto Jefferson j\u00e1 cumpre pris\u00e3o domiciliar. Al\u00e9m disso, a Pol\u00edcia Militar do Estado do Rio de Janeiro deslocou agentes do Batalh\u00e3o de Opera\u00e7\u00f5es Especiais (Bope) e do 38\u00ba Batalh\u00e3o (Tr\u00eas Rios) para darem apoio \u00e0 PF caso seja necess\u00e1rio.<\/p>\n<p>O ministro do Supremo Tribunal Federal (STF), Alexandre de Moraes, decidiu que Jefferson deve voltar \u00e0 pris\u00e3o preventiva pelo descumprimento das medidas cautelares impostas, como n\u00e3o postar nas redes sociais. Na \u00faltima sexta-feira (21), em v\u00eddeo publicado na internet, Jefferson atacou a ministra Carmen L\u00facia, referindo-se a ela com palavras de baixo cal\u00e3o.<\/p>\n<p>Por meio das redes sociais, o presidente Jair Bolsonaro informou que determinou a ida do Ministro da Justi\u00e7a, Anderson Torres, ao Rio de Janeiro, para acompanhar o andamento do que considerou um lament\u00e1vel epis\u00f3dio. J\u00e1 Torres escreveu que o minist\u00e9rio &#8220;est\u00e1 todo empenhado em apaziguar essa crise, com brevidade, e da melhor forma poss\u00edvel&#8221;.<\/p>\n<p>Em v\u00eddeos gravados dentro de sua casa, Jefferson mostra, por meio da c\u00e2mera de seguran\u00e7a, a chegada dos policiais \u00e0 entrada de seu terreno e diz que vai &#8220;enfrent\u00e1-los&#8221;. Em um segundo v\u00eddeo, o pol\u00edtico exibe a viatura da PF com o para-brisa baleado e diz que houve troca de tiros.<\/p>\n<p>Fora de sua casa, Jefferson filmou outro v\u00eddeo em que afirma que &#8220;n\u00e3o atirou em ningu\u00e9m para pegar&#8221;. &#8220;Atirei no carro e perto deles&#8221;, disse ele, acrescentando que n\u00e3o vai se entregar.<\/p>\n<p class=\"alt-font font-italic my-2 small text-info\">\n                                                Edi\u00e7\u00e3o:   Fernanda Cruz<\/p>\n<p>            <!-- blog End --><\/p>\n<p><!-- tag and share --><\/p>\n<p>Fonte: EBC<\/p>\n<input type=\"hidden\" id=\"baseurl\" value=\"https:\/\/noticiasdestaque.com.br\"><input type=\"hidden\" id=\"audio_nonce\" value=\"9fd43fe80e\">","protected":false},"excerpt":{"rendered":"<p>Policiais feridos por estilha\u00e7os cumpriam ordem de pris\u00e3o<\/p>\n","protected":false},"author":1,"featured_media":650,"comment_status":"open","ping_status":"open","sticky":false,"template":"","format":"standard","meta":{"fifu_image_url":"","fifu_image_alt":"","footnotes":""},"categories":[48],"tags":[],"class_list":["post-649","post","type-post","status-publish","format-standard","has-post-thumbnail","hentry","category-mundo"],"distributor_meta":false,"distributor_terms":false,"distributor_media":false,"distributor_original_site_name":"Portal de Recupera\u00e7\u00e3o","distributor_original_site_url":"https:\/\/portalderecuperacao.com","push-errors":false,"_links":{"self":[{"href":"https:\/\/noticiasdestaque.com.br\/index.php\/wp-json\/wp\/v2\/posts\/649","targetHints":{"allow":["GET"]}}],"collection":[{"href":"https:\/\/noticiasdestaque.com.br\/index.php\/wp-json\/wp\/v2\/posts"}],"about":[{"href":"https:\/\/noticiasdestaque.com.br\/index.php\/wp-json\/wp\/v2\/types\/post"}],"author":[{"embeddable":true,"href":"https:\/\/noticiasdestaque.com.br\/index.php\/wp-json\/wp\/v2\/users\/1"}],"replies":[{"embeddable":true,"href":"https:\/\/noticiasdestaque.com.br\/index.php\/wp-json\/wp\/v2\/comments?post=649"}],"version-history":[{"count":0,"href":"https:\/\/noticiasdestaque.com.br\/index.php\/wp-json\/wp\/v2\/posts\/649\/revisions"}],"wp:featuredmedia":[{"embeddable":true,"href":"https:\/\/noticiasdestaque.com.br\/index.php\/wp-json\/wp\/v2\/media\/650"}],"wp:attachment":[{"href":"https:\/\/noticiasdestaque.com.br\/index.php\/wp-json\/wp\/v2\/media?parent=649"}],"wp:term":[{"taxonomy":"category","embeddable":true,"href":"https:\/\/noticiasdestaque.com.br\/index.php\/wp-json\/wp\/v2\/categories?post=649"},{"taxonomy":"post_tag","embeddable":true,"href":"https:\/\/noticiasdestaque.com.br\/index.php\/wp-json\/wp\/v2\/tags?post=649"}],"curies":[{"name":"wp","href":"https:\/\/api.w.org\/{rel}","templated":true}]}}