{"id":646,"date":"2022-10-23T23:58:54","date_gmt":"2022-10-24T02:58:54","guid":{"rendered":"https:\/\/www.diariofama.com.br\/?p=646"},"modified":"2022-10-23T23:58:54","modified_gmt":"2022-10-24T02:58:54","slug":"roberto-jefferson-reage-a-prisao-e-estilhacos-atingem-policiais","status":"publish","type":"post","link":"https:\/\/noticiasdestaque.com.br\/index.php\/2022\/10\/23\/roberto-jefferson-reage-a-prisao-e-estilhacos-atingem-policiais\/","title":{"rendered":"Roberto Jefferson reage a pris\u00e3o e estilha\u00e7os atingem policiais"},"content":{"rendered":"<style> bloco.meta {font-style: italic; color: #666;font-weight: 600;font-size: .8em; \/* line-height: .3em; *\/}  text h2 { font-weight: 700 !important;  color: #062f46 !important;} text img { width: none; left: none;}<\/style>\n<p>Dois policiais federais foram atingidos por estilha\u00e7os hoje (23), no interior do Rio de Janeiro, ao tentar cumprir ordem de pris\u00e3o na casa do ex-deputado federal Roberto Jefferson, que reagiu \u00e0 abordagem dos agentes.<\/p>\n<p>A pris\u00e3o foi determinada ontem (22) pelo Supremo Tribunal Federal (STF), depois de ataques proferidos pelo ex-parlamentar contra a ministra Carmen L\u00facia.<\/p>\n<p>Segundo a Pol\u00edcia Federal (PF), os dois agentes que se feriram passam bem, e a dilig\u00eancia ainda est\u00e1 em andamento.<\/p>\n<p>Em v\u00eddeos gravados dentro de sua casa, Jefferson mostra, por meio da c\u00e2mera de seguran\u00e7a, a chegada dos policiais \u00e0 entrada de seu terreno e diz que vai &#8220;enfrent\u00e1-los&#8221;. Em um segundo v\u00eddeo, o pol\u00edtico exibe a viatura da PF com o para-brisa baleado e diz que houve troca de tiros.<\/p>\n<p>Fora de sua casa, Jefferson filmou outro v\u00eddeo em que afirma que &#8220;n\u00e3o atirou em ningu\u00e9m para pegar&#8221;. &#8220;Atirei no carro e perto deles&#8221;, disse ele, acrescentando que n\u00e3o vai se entregar.<\/p>\n<p>Por meio das redes sociais, o presidente Jair Bolsonaro informou que determinou a ida do Ministro da Justi\u00e7a, Anderson Torres, ao Rio de Janeiro, para acompanhar o andamento do que considerou um lament\u00e1vel epis\u00f3dio.<\/p>\n<p>&#8220;Repudio as falas do Sr. Roberto Jefferson contra a ministra Carmen L\u00facia e sua a\u00e7\u00e3o armada contra agentes da PF, bem como a exist\u00eancia de inqu\u00e9ritos sem nenhum respaldo na Constitui\u00e7\u00e3o e sem a atua\u00e7\u00e3o do MP&#8221;, disse Bolsonaro.<\/p>\n<p>Nas redes sociais, o ministro da Justi\u00e7a e Seguran\u00e7a P\u00fablica, Anderson Torres, escreveu que o minist\u00e9rio &#8220;est\u00e1 todo empenhado em apaziguar essa crise, com brevidade, e da melhor forma poss\u00edvel&#8221;.<\/p>\n<p><strong>*Mat\u00e9ria alterada \u00e0s 15h42 para inclus\u00e3o do posicionamento do ministro Anderson Torres.<\/strong><\/p>\n<p class=\"alt-font font-italic my-2 small text-info\">\n                                                Edi\u00e7\u00e3o:   Gra\u00e7a Adjuto<\/p>\n<p>            <!-- blog End --><\/p>\n<p><!-- tag and share --><\/p>\n<p>Fonte: EBC<\/p>\n<input type=\"hidden\" id=\"baseurl\" value=\"https:\/\/noticiasdestaque.com.br\"><input type=\"hidden\" id=\"audio_nonce\" value=\"9fd43fe80e\">","protected":false},"excerpt":{"rendered":"<p>Ex-deputado teve pris\u00e3o determinada ontem pelo STF<\/p>\n","protected":false},"author":1,"featured_media":647,"comment_status":"open","ping_status":"open","sticky":false,"template":"","format":"standard","meta":{"fifu_image_url":"","fifu_image_alt":"","footnotes":""},"categories":[48],"tags":[],"class_list":["post-646","post","type-post","status-publish","format-standard","has-post-thumbnail","hentry","category-mundo"],"distributor_meta":false,"distributor_terms":false,"distributor_media":false,"distributor_original_site_name":"Portal de Recupera\u00e7\u00e3o","distributor_original_site_url":"https:\/\/portalderecuperacao.com","push-errors":false,"_links":{"self":[{"href":"https:\/\/noticiasdestaque.com.br\/index.php\/wp-json\/wp\/v2\/posts\/646","targetHints":{"allow":["GET"]}}],"collection":[{"href":"https:\/\/noticiasdestaque.com.br\/index.php\/wp-json\/wp\/v2\/posts"}],"about":[{"href":"https:\/\/noticiasdestaque.com.br\/index.php\/wp-json\/wp\/v2\/types\/post"}],"author":[{"embeddable":true,"href":"https:\/\/noticiasdestaque.com.br\/index.php\/wp-json\/wp\/v2\/users\/1"}],"replies":[{"embeddable":true,"href":"https:\/\/noticiasdestaque.com.br\/index.php\/wp-json\/wp\/v2\/comments?post=646"}],"version-history":[{"count":0,"href":"https:\/\/noticiasdestaque.com.br\/index.php\/wp-json\/wp\/v2\/posts\/646\/revisions"}],"wp:featuredmedia":[{"embeddable":true,"href":"https:\/\/noticiasdestaque.com.br\/index.php\/wp-json\/wp\/v2\/media\/647"}],"wp:attachment":[{"href":"https:\/\/noticiasdestaque.com.br\/index.php\/wp-json\/wp\/v2\/media?parent=646"}],"wp:term":[{"taxonomy":"category","embeddable":true,"href":"https:\/\/noticiasdestaque.com.br\/index.php\/wp-json\/wp\/v2\/categories?post=646"},{"taxonomy":"post_tag","embeddable":true,"href":"https:\/\/noticiasdestaque.com.br\/index.php\/wp-json\/wp\/v2\/tags?post=646"}],"curies":[{"name":"wp","href":"https:\/\/api.w.org\/{rel}","templated":true}]}}