{"id":641,"date":"2022-10-23T23:45:55","date_gmt":"2022-10-24T02:45:55","guid":{"rendered":"https:\/\/www.diariofama.com.br\/?p=641"},"modified":"2022-10-23T23:45:55","modified_gmt":"2022-10-24T02:45:55","slug":"coluna-de-cinema-mais-de-filmes-na-mostra-internacional-de-sp","status":"publish","type":"post","link":"https:\/\/noticiasdestaque.com.br\/index.php\/2022\/10\/23\/coluna-de-cinema-mais-de-filmes-na-mostra-internacional-de-sp\/","title":{"rendered":"Coluna de Cinema: mais de 200 filmes na mostra internacional de SP"},"content":{"rendered":"<style> bloco.meta {font-style: italic; color: #666;font-weight: 600;font-size: .8em; \/* line-height: .3em; *\/}  text h2 { font-weight: 700 !important;  color: #062f46 !important;} text img { width: none; left: none;}<\/style>\n<p>Semana repleta de filmes para todos os gostos estreando nas telonas, al\u00e9m de op\u00e7\u00f5es para quem escolhe a sala de casa para um mergulho no cinema. Destaco tamb\u00e9m as mostras e festivais de cinema presenciais e online. E vamos as dicas !<\/p>\n<h2>Rir para N\u00e3o Chorar<\/h2>\n<p>Uma com\u00e9dia dram\u00e1tica brasileira entra em cartaz em todo pa\u00eds: <em>Rir para n\u00e3o chorar<\/em>.<\/p>\n<p>O filme, dirigido pela cineasta brasiliense Cibele Amaral e produzido magistralmente por Patrick Djongh, traz uma hist\u00f3ria doce, divertida e de supera\u00e7\u00e3o.<\/p>\n<p>Na trama, o ex-CQC Rafael Cortez interpreta o comediante de <em>stand-up<\/em> Fl\u00e1vio Pontes. Ele descobre que sua m\u00e3e, dona Gra\u00e7a, est\u00e1 com um c\u00e2ncer terminal.Os dois s\u00e3o muito ligados, o que transforma a iminente despedida em uma trag\u00e9dia grega. Enquanto sua m\u00e3e, uma mulher pr\u00e1tica e bem-humorada, absorve a not\u00edcia com naturalidade, ele sofre e, entre suas performances, come\u00e7a a questionar o sentido da exist\u00eancia.<\/p>\n<p>Imperd\u00edvel para todas as idades!<\/p>\n<h2>Blockbuster baseado em HQ em Cartaz<\/h2>\n<p>Uma das grandes estreias nos cinemas de todo pa\u00eds \u00e9 o filme baseado em um personagem de hist\u00f3rias em quadrinhos: a super produ\u00e7\u00e3o <em>Ad\u00e3o Negro<\/em>.<\/p>\n<p>Uma hist\u00f3ria em torno de um anti-her\u00f3i, baseado no personagem dos quadrinhos <em>Black Adam<\/em> da DC Comics: o grande antagonista de <em>Shazam!<\/em>, cuja hist\u00f3ria de origem explorada, revela seu passado de escravo no pa\u00eds Kahndaq, nascido no Egito antigo.<\/p>\n<p>E o mais interessante da trama: Ad\u00e3o Negro foi consumido por poderes m\u00e1gicos e se torna um feiticeiro.<\/p>\n<h2>Adapta\u00e7\u00e3o de A Bela e a Fera na <strong>TV Brasil<\/strong><\/h2>\n<p>Outra dica na telinha de casa, no Festival de Cinema da <strong>TV Brasil<\/strong>, \u00e9 o filme<em> A Bela e a Fera<\/em>. Com Vincent Cassel, Lea Seydoux, a trama \u00e9 do cl\u00e1ssico j\u00e1 conhecido, por\u00e9m, em um filme <em>live action <\/em>e franc\u00eas.<\/p>\n<p>Ap\u00f3s o naufr\u00e1gio de seu navio, um comerciante financeiramente arruinado se exila no campo com seus seis filhos, tr\u00eas rapazes e tr\u00eas mo\u00e7as. Apenas a filha mais nova, Bela, uma menina alegre e cheia de gra\u00e7a, fica entusiasmada com a vida rural.<\/p>\n<p>Um dia, quando o pai arranca uma rosa de um jardim encantado para a filha, \u00e9 condenado \u00e0 morte pelo propriet\u00e1rio do castelo, um monstro. A doce <em>Bela<\/em> se oferece, ent\u00e3o, para ficar no lugar do pai, mas, uma vez dentro do pal\u00e1cio, encontra n\u00e3o a morte, mas algu\u00e9m com uma vida estranha, repleta de magia e tristeza.<\/p>\n<h2>Domingo, dia 23, \u00e0s 16h, na<strong> TV Brasil <\/strong><\/h2>\n<p>Mostra de Cinema de S\u00e3o Paulo<\/p>\n<p>Para quem est\u00e1 em S\u00e3o Paulo, chega uma das principais atra\u00e7\u00f5es do cinema nacional e internacional: a Mostra Internacional de Cinema de S\u00e3o Paulo. Nesta 46\u00aa edi\u00e7\u00e3o, um convite para mais de 200 filmes, a maioria in\u00e9dita no Brasil.<\/p>\n<p>Agora, d\u00e1 para curtir a a mostra em casa.S\u00e3o 17 filmes exibidos gratuitamente nas plataformas de <em>streaming<\/em> <em>SPcine play <\/em>e Sesc digital.<\/p>\n<p>Lembrando que no <em>SPcine play<\/em>, os longas j\u00e1 est\u00e3o dispon\u00edveis e podem ser vistos at\u00e9 o fim da mostra, em 2 de novembro &#8211; ou quando os t\u00edtulos alcan\u00e7arem 800 visualiza\u00e7\u00f5es. \u00c9 preciso fazer cadastro no site para ter acesso a eles.<\/p>\n<p>Todas as informa\u00e7\u00f5es sobre a mostra est\u00e3o no <a href=\"https:\/\/46.mostra.org\" target=\"_blank\" rel=\"noopener\">site oficial.<\/a><\/p>\n<p class=\"alt-font font-italic my-2 small text-info\">\n                                                Edi\u00e7\u00e3o:   Nira Foster<\/p>\n<p>            <!-- blog End --><\/p>\n<p><!-- tag and share --><\/p>\n<p>Fonte: EBC<\/p>\n<input type=\"hidden\" id=\"baseurl\" value=\"https:\/\/noticiasdestaque.com.br\"><input type=\"hidden\" id=\"audio_nonce\" value=\"9fd43fe80e\">","protected":false},"excerpt":{"rendered":"<p>Em sua maioria, os filmes s\u00e3o in\u00e9ditos no Brasil<\/p>\n","protected":false},"author":1,"featured_media":642,"comment_status":"open","ping_status":"open","sticky":false,"template":"","format":"standard","meta":{"fifu_image_url":"","fifu_image_alt":"","footnotes":""},"categories":[52],"tags":[],"class_list":["post-641","post","type-post","status-publish","format-standard","has-post-thumbnail","hentry","category-entretenimento"],"distributor_meta":false,"distributor_terms":false,"distributor_media":false,"distributor_original_site_name":"Portal de Recupera\u00e7\u00e3o","distributor_original_site_url":"https:\/\/portalderecuperacao.com","push-errors":false,"_links":{"self":[{"href":"https:\/\/noticiasdestaque.com.br\/index.php\/wp-json\/wp\/v2\/posts\/641","targetHints":{"allow":["GET"]}}],"collection":[{"href":"https:\/\/noticiasdestaque.com.br\/index.php\/wp-json\/wp\/v2\/posts"}],"about":[{"href":"https:\/\/noticiasdestaque.com.br\/index.php\/wp-json\/wp\/v2\/types\/post"}],"author":[{"embeddable":true,"href":"https:\/\/noticiasdestaque.com.br\/index.php\/wp-json\/wp\/v2\/users\/1"}],"replies":[{"embeddable":true,"href":"https:\/\/noticiasdestaque.com.br\/index.php\/wp-json\/wp\/v2\/comments?post=641"}],"version-history":[{"count":0,"href":"https:\/\/noticiasdestaque.com.br\/index.php\/wp-json\/wp\/v2\/posts\/641\/revisions"}],"wp:featuredmedia":[{"embeddable":true,"href":"https:\/\/noticiasdestaque.com.br\/index.php\/wp-json\/wp\/v2\/media\/642"}],"wp:attachment":[{"href":"https:\/\/noticiasdestaque.com.br\/index.php\/wp-json\/wp\/v2\/media?parent=641"}],"wp:term":[{"taxonomy":"category","embeddable":true,"href":"https:\/\/noticiasdestaque.com.br\/index.php\/wp-json\/wp\/v2\/categories?post=641"},{"taxonomy":"post_tag","embeddable":true,"href":"https:\/\/noticiasdestaque.com.br\/index.php\/wp-json\/wp\/v2\/tags?post=641"}],"curies":[{"name":"wp","href":"https:\/\/api.w.org\/{rel}","templated":true}]}}