{"id":632,"date":"2022-10-22T17:16:04","date_gmt":"2022-10-22T20:16:04","guid":{"rendered":"https:\/\/www.diariofama.com.br\/?p=632"},"modified":"2022-10-22T17:16:04","modified_gmt":"2022-10-22T20:16:04","slug":"ministerio-da-saude-lanca-a-campanha-nacional-de-combate-ao-aedes-aegypti","status":"publish","type":"post","link":"https:\/\/noticiasdestaque.com.br\/index.php\/2022\/10\/22\/ministerio-da-saude-lanca-a-campanha-nacional-de-combate-ao-aedes-aegypti\/","title":{"rendered":"Minist\u00e9rio da Sa\u00fade lan\u00e7a a Campanha Nacional de Combate ao Aedes aegypti"},"content":{"rendered":"<p>Os casos prov\u00e1veis de dengue subiram 184,6% (1.362.125) em compara\u00e7\u00e3o com o ano passado (478.574), assim como os \u00f3bitos, que registraram aumento de 290,1%: foram 909 em 2022, frente a 233 em 2021. O panorama da chikungunya tamb\u00e9m teve um crescimento maior no total de mortes. Foram 76 neste ano contra 14 at\u00e9 outubro de 2021, aumento de 442%. J\u00e1 em rela\u00e7\u00e3o \u00e0 zika, apesar de n\u00e3o haver \u00f3bitos neste ano, o percentual de casos cresceu 98,8% em 2022: foram 10.501, frente a 5.421 no ano passado.<\/p>\n<p>Os n\u00fameros foram divulgados pelo Minist\u00e9rio da Sa\u00fade, que lan\u00e7ou nesta quinta-feira (20) a Campanha Nacional de Combate ao Aedes aegypti, com o tema \u201cTodo dia \u00e9 dia de combater o mosquito\u201d. O mosquito Aedes \u00e9 o respons\u00e1vel pela transmiss\u00e3o de dengue, zika e chikungunya.<br \/>\n\u201cAlguns fatores podem ter contribu\u00eddo para esse aumento. As condi\u00e7\u00f5es ambientais favor\u00e1veis, fundamentalmente ac\u00famulo de \u00e1gua, altas temperaturas, moradias inadequadas, grande n\u00famero de pessoas suscet\u00edveis \u00e0s doen\u00e7as e \u00e0 mudan\u00e7a no sorotipo circulante, obviamente, interferem na transmissibilidade\u201d, explica o secret\u00e1rio de Vigil\u00e2ncia em Sa\u00fade, Arnaldo Medeiros.<\/p>\n<p>O Levantamento R\u00e1pido de \u00cdndices para Aedes aegypti (LIRA) apontou que os principais dep\u00f3sitos do mosquito s\u00e3o os m\u00f3veis, como barris e dep\u00f3sitos de barro, seguido por pneus e lixo.<\/p>\n<h2>A\u00e7\u00f5es de combate ao mosquito<\/h2>\n<p>Segundo o Minist\u00e9rio da Sa\u00fade, diversas frentes de atua\u00e7\u00e3o foram desenvolvidas no combate ao mosquito transmissor da dengue, zika e chikungunya. Entre as principais, est\u00e3o a instala\u00e7\u00e3o de Salas de Situa\u00e7\u00e3o, entre maio e junho deste ano, em resposta ao aumento do n\u00famero de casos; proposta de atualiza\u00e7\u00e3o da gest\u00e3o de insumos estrat\u00e9gicos usados para controle do Aedes; e a elabora\u00e7\u00e3o do Plano Nacional de Conting\u00eancia para Emerg\u00eancia por dengue, zika e chikungunya.<\/p>\n<p>No lan\u00e7amento da campanha, o diretor do Conselho Nacional de Secretarias Municipais de Sa\u00fade (Conasems), Hisham Hamida, chamou aten\u00e7\u00e3o para a participa\u00e7\u00e3o ativa da popula\u00e7\u00e3o no combate ao mosquito.<\/p>\n<p>\u201cO mosquito vem se adaptando. Antes s\u00f3 fal\u00e1vamos de dengue, e passamos a falar de zika e chikungunya. N\u00f3s tamb\u00e9m temos de nos adaptar e mudar os m\u00e9todos de enfrentamento e combate. Gosto de frisar a responsabilidade que a popula\u00e7\u00e3o tem sobre isso. N\u00e3o adianta fazer campanha se n\u00e3o tivermos a conscientiza\u00e7\u00e3o do combate no dia a dia. L\u00e1 na ponta, no meu quintal, levar para as escolas, crescer com a cultura do enfrentamento para que possamos superar\u201d, disse.<\/p>\n<p>Fonte: Brasil61<\/p>\n<input type=\"hidden\" id=\"baseurl\" value=\"https:\/\/noticiasdestaque.com.br\"><input type=\"hidden\" id=\"audio_nonce\" value=\"9fd43fe80e\">","protected":false},"excerpt":{"rendered":"<p>N\u00fameros de casos de dengue, zika e chikungunya cresceram em quase todas as regi\u00f5es do pa\u00eds neste ano<\/p>\n","protected":false},"author":1,"featured_media":637,"comment_status":"open","ping_status":"open","sticky":false,"template":"","format":"standard","meta":{"fifu_image_url":"","fifu_image_alt":"","footnotes":""},"categories":[51],"tags":[],"class_list":["post-632","post","type-post","status-publish","format-standard","has-post-thumbnail","hentry","category-saude"],"distributor_meta":false,"distributor_terms":false,"distributor_media":false,"distributor_original_site_name":"Portal de Recupera\u00e7\u00e3o","distributor_original_site_url":"https:\/\/portalderecuperacao.com","push-errors":false,"_links":{"self":[{"href":"https:\/\/noticiasdestaque.com.br\/index.php\/wp-json\/wp\/v2\/posts\/632","targetHints":{"allow":["GET"]}}],"collection":[{"href":"https:\/\/noticiasdestaque.com.br\/index.php\/wp-json\/wp\/v2\/posts"}],"about":[{"href":"https:\/\/noticiasdestaque.com.br\/index.php\/wp-json\/wp\/v2\/types\/post"}],"author":[{"embeddable":true,"href":"https:\/\/noticiasdestaque.com.br\/index.php\/wp-json\/wp\/v2\/users\/1"}],"replies":[{"embeddable":true,"href":"https:\/\/noticiasdestaque.com.br\/index.php\/wp-json\/wp\/v2\/comments?post=632"}],"version-history":[{"count":0,"href":"https:\/\/noticiasdestaque.com.br\/index.php\/wp-json\/wp\/v2\/posts\/632\/revisions"}],"wp:featuredmedia":[{"embeddable":true,"href":"https:\/\/noticiasdestaque.com.br\/index.php\/wp-json\/wp\/v2\/media\/637"}],"wp:attachment":[{"href":"https:\/\/noticiasdestaque.com.br\/index.php\/wp-json\/wp\/v2\/media?parent=632"}],"wp:term":[{"taxonomy":"category","embeddable":true,"href":"https:\/\/noticiasdestaque.com.br\/index.php\/wp-json\/wp\/v2\/categories?post=632"},{"taxonomy":"post_tag","embeddable":true,"href":"https:\/\/noticiasdestaque.com.br\/index.php\/wp-json\/wp\/v2\/tags?post=632"}],"curies":[{"name":"wp","href":"https:\/\/api.w.org\/{rel}","templated":true}]}}