{"id":631,"date":"2022-10-22T17:23:44","date_gmt":"2022-10-22T20:23:44","guid":{"rendered":"https:\/\/www.diariofama.com.br\/?p=631"},"modified":"2022-10-22T17:23:44","modified_gmt":"2022-10-22T20:23:44","slug":"vacina-da-pfizer-para-criancas-de-meses-deve-chegar-ao-brasil-na-proxima-semana","status":"publish","type":"post","link":"https:\/\/noticiasdestaque.com.br\/index.php\/2022\/10\/22\/vacina-da-pfizer-para-criancas-de-meses-deve-chegar-ao-brasil-na-proxima-semana\/","title":{"rendered":"Vacina da Pfizer para crian\u00e7as de 6 meses deve chegar ao Brasil na pr\u00f3xima semana"},"content":{"rendered":"<p>O Minist\u00e9rio da Sa\u00fade informou nessa ter\u00e7a-feira (18) que a vacina da Pfizer contra a Covid-19 liberada para crian\u00e7as de 6 meses a menores de 4 anos deve chegar ao Brasil nas pr\u00f3ximas semanas e que todas as orienta\u00e7\u00f5es para a vacina\u00e7\u00e3o deste p\u00fablico ser\u00e3o formalizadas em nota t\u00e9cnica aos estados.<\/p>\n<p>Na \u00faltima segunda-feira (17), o secret\u00e1rio-executivo do minist\u00e9rio, Bruno Dalcolmo, j\u00e1 havia antecipado: \u201cN\u00f3s estamos nas tratativas finais com rela\u00e7\u00e3o \u00e0 chegada das vacinas e a expectativa \u00e9 de que elas j\u00e1 estejam no pa\u00eds em meados da pr\u00f3xima semana, na quarta-feira [26\/10]. Esse foi o \u00faltimo dado que recebemos da pr\u00f3pria empresa.\u201d<\/p>\n<p>O secret\u00e1rio, no entanto, n\u00e3o detalhou o n\u00famero de doses. A declara\u00e7\u00e3o foi feita durante cerim\u00f4nia no minist\u00e9rio em celebra\u00e7\u00e3o ao Dia Nacional da Vacina\u00e7\u00e3o.<\/p>\n<p>Alguns pais ainda seguem resistentes \u00e0 vacina\u00e7\u00e3o dos pequenos e especialistas garantem que o imunizante \u00e9 eficaz.  O infectologista e consultor da Sociedade Brasileira de Infectologia de Goi\u00e1s, Marcelo Daher, explica que a vacina \u00e9 segura e ajuda a evitar doen\u00e7as graves como a pericardite.<\/p>\n<p>\u201cOs estudos de seguran\u00e7a que foram feitos posteriormente sa\u00edram e a vacina se mostrou segura e eficaz, eficaz no sentido de garantir prote\u00e7\u00e3o para as crian\u00e7as\u201d, explica o m\u00e9dico.<\/p>\n<p>\u201cOs pais podem ficar tranquilos em rela\u00e7\u00e3o \u00e0 seguran\u00e7a desta vacina para crian\u00e7as a partir de seis meses. Ela vem se somar \u00e0s vacinas que temos no dia a dia, uma vacina para ser utilizada para prevenir formas graves da Covid-19\u201d, tranquiliza o infectologista.<\/p>\n<p>O gerente-geral de Medicamentos Biol\u00f3gicos da Anvisa, Fabr\u00edcio Carneiro de Oliveira, explica que a efic\u00e1cia e seguran\u00e7a do novo produto foi garantida por meio de um conjunto de fatores cient\u00edficos. \u201cA Anvisa considerou um grande conjunto de dados, entre dados de qualidade e cl\u00ednicos, obtidos por meio de estudos conduzidos em alguns pa\u00edses\u201d, conta.<\/p>\n<p>\u201cCom base nesses dados enviados \u00e0 Anvisa, foi considerado que a vacina \u00e9 segura e eficaz na faixa et\u00e1ria pretendida\u201d, afirma o especialista. Antes, no Brasil, o uso do imunizante da Pfizer s\u00f3 era permitido em crian\u00e7as com mais de 5 anos de idade. J\u00e1 a CoronaVac podia ser aplicada em crian\u00e7as a partir de 3 anos.<\/p>\n<p>A vacina para o p\u00fablico de 6 meses a 4 anos ter\u00e1 dosagem e composi\u00e7\u00e3o diferentes. O processo de imuniza\u00e7\u00e3o ser\u00e1 em tr\u00eas doses de 0,2 miligramas. As duas doses iniciais dever\u00e3o ser administradas no intervalo de tr\u00eas semanas, sendo a terceira e \u00faltima delas aplicada oito semanas ap\u00f3s a segunda vacina\u00e7\u00e3o.<\/p>\n<p>Para facilitar a rotina na hora da vacina\u00e7\u00e3o, tanto dos agentes de sa\u00fade, como dos pais, a cor do r\u00f3tulo e da embalagem da dose \u00e9 um detalhe importante. Os frascos das vacinas para esse p\u00fablico, de 6 meses a 4 anos, vir\u00e3o na cor vinho. M\u00e3e da pequena Ana Beatriz, a dona de casa Leidiane Maria de Alencar, 29 anos, pretende vacinar a filha o quanto antes. \u201cEstamos muito felizes porque liberou a vacina para a faixa et\u00e1ria da minha filha, que tem 4 anos, ela vai poder se vacinar e vai ser mais uma seguran\u00e7a para a vida dela\u201d, destaca.<\/p>\n<p>No m\u00eas de setembro, a Anvisa aprovou o uso da vacina da Pfizer para crian\u00e7as de 6 meses a 4 anos. Atualmente, apenas crian\u00e7as acima de 3 anos podem se vacinar com a CoronaVac.<\/p>\n<p>Segundo estudo da Fiocruz, nos dois primeiros anos da pandemia, a Covid-19 foi respons\u00e1vel pela morte de 1.439 crian\u00e7as menores de 5 anos. Isso d\u00e1 uma m\u00e9dia de duas mortes por dia. Ainda de acordo com a  Fiocruz, as crian\u00e7as menores de um ano s\u00e3o as mais vulner\u00e1veis pois representam a metade dos \u00f3bitos por Covid na faixa et\u00e1ria abaixo dos cinco anos.<\/p>\n<h2>Crian\u00e7as vacinadas nos estados<\/h2>\n<p>De acordo com o Minist\u00e9rio da Sa\u00fade, quase 700 mil crian\u00e7as, entre 3 e 4 anos, j\u00e1 foram vacinadas no pa\u00eds com a primeira dose, e mais de 135 mil com a segunda fase da vacina\u00e7\u00e3o. Entre crian\u00e7as de 5 a 11 anos, foram mais de 14,1 milh\u00f5es vacinadas com a primeira dose, e pouco mais de 9,7 milh\u00f5es com a segunda.<\/p>\n<p>Dados do portal LocalizaSUS, do Minist\u00e9rio da Sa\u00fade mostram que 13,7% desse p\u00fablico-alvo recebeu a primeira dose e 3,9%, a segunda dose. Entre as capitais, h\u00e1 disparidade na cobertura.<\/p>\n<p>Dados levantados pelo Portal Brasil61.com mostram que enquanto Vit\u00f3ria (ES) lidera a cobertura vacinal, com 35% desse p\u00fablico-alvo com a primeira dose e 15% tamb\u00e9m com a segunda, a Secretaria Estadual de Sa\u00fade de Cuiab\u00e1 (MT) informou que recebeu imunizantes na primeira semana de outubro e iniciou a vacina\u00e7\u00e3o no dia 10 de outubro.<\/p>\n<p>A reportagem manteve contato com as prefeituras das capitais  e 14 delas responderam. S\u00e3o Paulo (SP) aparece em segundo lugar no avan\u00e7o da cobertura, com 33,5% do p\u00fablico com a primeira dose e 7,6% com a segunda. Na capital paulista, a campanha para esse grupo teve in\u00edcio em 20 de agosto.<\/p>\n<p>J\u00e1 o Rio de Janeiro foi a capital pioneira do pa\u00eds a iniciar a imuniza\u00e7\u00e3o do grupo de 3 e 4 anos, no dia 15 de julho, e atualmente registra 24,8% desse p\u00fablico com a primeira dose. Tamb\u00e9m ultrapassaram a marca de um quinto de vacinados Aracaju (SE), com 29,99% com a 1\u00aa dose, e Recife (PE), com 22,85% tamb\u00e9m com a primeira dose.<\/p>\n<p>O Distrito Federal tamb\u00e9m apontou que j\u00e1 comunicou o minist\u00e9rio sobre \u201ca necessidade de mais doses\u201d para dar conta do p\u00fablico de 77.660 crian\u00e7as de 3 e 4 anos. Na cidade, a cobertura \u00e9 de 7,7% na primeira dose e 1,58% na segunda dose.<\/p>\n<p>Ainda no Centro-Oeste, em Campo Grande (MS), pouco mais de 10% do p\u00fablico-alvo recebeu a primeira dose. Para ampliar esse p\u00fablico, a cidade diz que tem elaborado estrat\u00e9gias, como busca ativa direto nas casas e vacina\u00e7\u00e3o itinerante em escolas e shoppings.<\/p>\n<p>No Sul, em Porto Alegre (RS), a cobertura \u00e9 de 16,8% com a primeira dose e 6,2% com a segunda. Em Belo Horizonte (MG), onde a aplica\u00e7\u00e3o come\u00e7ou no dia 29 de setembro, por enquanto, a vacina\u00e7\u00e3o beneficia crian\u00e7as de 4 anos com e sem imunocomprometimento e crian\u00e7as de 3 anos imunocomprometidas, tendo 19,7% de cobertura nesse p\u00fablico com a primeira dose.<\/p>\n<p>Macei\u00f3 (AL) se aproxima dos 10% (9,68%) de crian\u00e7as vacinadas com a primeira dose e 1,9% com a segunda. J\u00e1 Fortaleza apenas informou que aplicou 12.155 doses, sem detalhar a cobertura, assim como S\u00e3o Lu\u00eds (MA), com 3.100 doses.<\/p>\n<p>No Norte, Palmas (TO) divulgou que est\u00e1 com o sistema de contabiliza\u00e7\u00e3o de imunizados fora do ar, mas que \u201ca cobertura vacinal contra a Covid-19 em crian\u00e7as de 3 e 4 anos est\u00e1 baixa\u201d. A prefeitura informou que desenvolve a\u00e7\u00f5es para alcan\u00e7ar esse p\u00fablico.<\/p>\n<p>Fonte: Brasil61<\/p>\n<input type=\"hidden\" id=\"baseurl\" value=\"https:\/\/noticiasdestaque.com.br\"><input type=\"hidden\" id=\"audio_nonce\" value=\"9fd43fe80e\">","protected":false},"excerpt":{"rendered":"<p>O Minist\u00e9rio da Sa\u00fade informou tamb\u00e9m que todas as orienta\u00e7\u00f5es para a vacina\u00e7\u00e3o deste p\u00fablico ser\u00e3o formalizadas em nota t\u00e9cnica aos estados<\/p>\n","protected":false},"author":1,"featured_media":639,"comment_status":"open","ping_status":"open","sticky":false,"template":"","format":"standard","meta":{"fifu_image_url":"","fifu_image_alt":"","footnotes":""},"categories":[51],"tags":[],"class_list":["post-631","post","type-post","status-publish","format-standard","has-post-thumbnail","hentry","category-saude"],"distributor_meta":false,"distributor_terms":false,"distributor_media":false,"distributor_original_site_name":"Portal de Recupera\u00e7\u00e3o","distributor_original_site_url":"https:\/\/portalderecuperacao.com","push-errors":false,"_links":{"self":[{"href":"https:\/\/noticiasdestaque.com.br\/index.php\/wp-json\/wp\/v2\/posts\/631","targetHints":{"allow":["GET"]}}],"collection":[{"href":"https:\/\/noticiasdestaque.com.br\/index.php\/wp-json\/wp\/v2\/posts"}],"about":[{"href":"https:\/\/noticiasdestaque.com.br\/index.php\/wp-json\/wp\/v2\/types\/post"}],"author":[{"embeddable":true,"href":"https:\/\/noticiasdestaque.com.br\/index.php\/wp-json\/wp\/v2\/users\/1"}],"replies":[{"embeddable":true,"href":"https:\/\/noticiasdestaque.com.br\/index.php\/wp-json\/wp\/v2\/comments?post=631"}],"version-history":[{"count":0,"href":"https:\/\/noticiasdestaque.com.br\/index.php\/wp-json\/wp\/v2\/posts\/631\/revisions"}],"wp:featuredmedia":[{"embeddable":true,"href":"https:\/\/noticiasdestaque.com.br\/index.php\/wp-json\/wp\/v2\/media\/639"}],"wp:attachment":[{"href":"https:\/\/noticiasdestaque.com.br\/index.php\/wp-json\/wp\/v2\/media?parent=631"}],"wp:term":[{"taxonomy":"category","embeddable":true,"href":"https:\/\/noticiasdestaque.com.br\/index.php\/wp-json\/wp\/v2\/categories?post=631"},{"taxonomy":"post_tag","embeddable":true,"href":"https:\/\/noticiasdestaque.com.br\/index.php\/wp-json\/wp\/v2\/tags?post=631"}],"curies":[{"name":"wp","href":"https:\/\/api.w.org\/{rel}","templated":true}]}}