{"id":628,"date":"2022-10-22T17:06:23","date_gmt":"2022-10-22T20:06:23","guid":{"rendered":"https:\/\/www.diariofama.com.br\/2022\/10\/22\/indice-geral-de-precos-registra-terceira-queda-seguida-em-outubro-segundo-fgv\/"},"modified":"2022-10-22T17:06:23","modified_gmt":"2022-10-22T20:06:23","slug":"indice-geral-de-precos-registra-terceira-queda-seguida-em-outubro-segundo-fgv","status":"publish","type":"post","link":"https:\/\/noticiasdestaque.com.br\/index.php\/2022\/10\/22\/indice-geral-de-precos-registra-terceira-queda-seguida-em-outubro-segundo-fgv\/","title":{"rendered":"\u00cdndice Geral de Pre\u00e7os \u2013 10 registra terceira queda seguida em outubro, segundo FGV"},"content":{"rendered":"<p>Produtores, consumidores e o setor da constru\u00e7\u00e3o civil sentiram mais uma queda no pre\u00e7o de produtos e servi\u00e7os. O \u00cdndice Geral de Pre\u00e7os-10 (IGP-10), medido pela Funda\u00e7\u00e3o Getulio Vargas (FGV), teve defla\u00e7\u00e3o de 1,04% em outubro deste ano. O indicador j\u00e1 havia ca\u00eddo 0,90% em setembro e 0,69% em agosto. Em outubro de 2021, a varia\u00e7\u00e3o foi de -0,31%.<\/p>\n<p>No acumulado do ano, entretanto, o \u00edndice de infla\u00e7\u00e3o \u00e9 de 6,33%, e de 7,44% na somat\u00f3ria do \u00faltimos 12 meses. Em outubro de 2021, a infla\u00e7\u00e3o acumulada pelo indicador era de 22,53%.<\/p>\n<p>O IGP \u00e9 a m\u00e9dia aritm\u00e9tica ponderada de tr\u00eas \u00edndices de pre\u00e7os: ao Produtor Amplo (IPA), ao Consumidor (IPC) e o \u00cdndice Nacional de Custo da Constru\u00e7\u00e3o (INCC). Ele revela as fontes de press\u00e3o inflacion\u00e1ria e a evolu\u00e7\u00e3o dos pre\u00e7os de produtos e servi\u00e7os mais relevantes para esses segmentos, coletando dados do dia 11 de um m\u00eas at\u00e9 o dia 10 do m\u00eas seguinte.<\/p>\n<p>&#8220;O resultado de outubro do IGP-10 confirmou a tend\u00eancia que a gente vinha vendo j\u00e1 desde julho, n\u00e9? Com as principais commodities, tanto agr\u00edcolas quanto minerais, caindo, com bastante for\u00e7a, de pre\u00e7o, gerando um IPA bem negativo. E um \u00cdndice de Pre\u00e7os ao Consumidor puxado um pouco para cima, agora, pela infla\u00e7\u00e3o de servi\u00e7os e por alguns alimentos in natura que voltaram a ter um aumento de pre\u00e7o, no caso, alguns hortifrutis&#8221;, avalia o economista do Instituto Brasileiro de Economia da FGV, Matheus Pe\u00e7anha.<\/p>\n<p>No IPA, a varia\u00e7\u00e3o deste m\u00eas foi negativa: 1,44%, gra\u00e7as principalmente \u00e0s redu\u00e7\u00f5es no pre\u00e7o do leite in natura (-7,21%) e do \u00f3leo Diesel (-4,22%). Os dois produtos tamb\u00e9m registraram redu\u00e7\u00e3o nos pre\u00e7os para o IPC, com quedas de 11,36% para o leite tipo longa vida e de 7,09% para a gasolina. No entanto, isso ajudou apenas a conter parcialmente o ritmo de acelera\u00e7\u00e3o do \u00edndice. A infla\u00e7\u00e3o no m\u00eas foi de 0,17%, sob influ\u00eancia do setor de servi\u00e7os \u2013 o aumento nos pre\u00e7os das passagens a\u00e9reas (17,70%) e do aluguel residencial (1,38%) contribuiu consideravelmente para essa varia\u00e7\u00e3o.<\/p>\n<p>O especialista projeta a manuten\u00e7\u00e3o desse cen\u00e1rio neste fim de ano. &#8220;As commodities ainda t\u00eam espa\u00e7o para continuar caindo de pre\u00e7o, tanto as agr\u00edcolas quanto as minerais. E a infla\u00e7\u00e3o de servi\u00e7os deve continuar subindo o pre\u00e7o ao longo desses meses. Quanto mais vai chegando essas datas de final de ano, que t\u00eam uma demanda por servi\u00e7os maior&#8221;, explica Pe\u00e7anha. Ele prev\u00ea ainda que o consumidor deve perceber a queda do pre\u00e7o do leite e das carnes, \u201cao mesmo tempo que os alimentos in natura v\u00e3o ficar \u00e0 merc\u00ea do que acontecer com as lavouras, principalmente as lavouras tempor\u00e1rias&#8221;, completa.<\/p>\n<p>No segmento da constru\u00e7\u00e3o civil, o INCC variou 0,01% em outubro. No m\u00eas anterior, a taxa foi de -0,02%. Os tr\u00eas grupos componentes do INCC registraram as seguintes varia\u00e7\u00f5es na passagem de setembro para outubro: Servi\u00e7os  0,27%; M\u00e3o de Obra,  0,25%; e o grupo Materiais e Equipamentos, -0,32%, mesmo \u00edndice apresentado em setembro.<\/p>\n<p>Fonte: Brasil61<\/p>\n<input type=\"hidden\" id=\"baseurl\" value=\"https:\/\/noticiasdestaque.com.br\"><input type=\"hidden\" id=\"audio_nonce\" value=\"9fd43fe80e\">","protected":false},"excerpt":{"rendered":"<p>Leite e combust\u00edveis foram os principais respons\u00e1veis pelo resultado<\/p>\n","protected":false},"author":1,"featured_media":629,"comment_status":"open","ping_status":"open","sticky":false,"template":"","format":"standard","meta":{"fifu_image_url":"","fifu_image_alt":"","footnotes":""},"categories":[59],"tags":[],"class_list":["post-628","post","type-post","status-publish","format-standard","has-post-thumbnail","hentry","category-economia"],"distributor_meta":false,"distributor_terms":false,"distributor_media":false,"distributor_original_site_name":"Portal de Recupera\u00e7\u00e3o","distributor_original_site_url":"https:\/\/portalderecuperacao.com","push-errors":false,"_links":{"self":[{"href":"https:\/\/noticiasdestaque.com.br\/index.php\/wp-json\/wp\/v2\/posts\/628","targetHints":{"allow":["GET"]}}],"collection":[{"href":"https:\/\/noticiasdestaque.com.br\/index.php\/wp-json\/wp\/v2\/posts"}],"about":[{"href":"https:\/\/noticiasdestaque.com.br\/index.php\/wp-json\/wp\/v2\/types\/post"}],"author":[{"embeddable":true,"href":"https:\/\/noticiasdestaque.com.br\/index.php\/wp-json\/wp\/v2\/users\/1"}],"replies":[{"embeddable":true,"href":"https:\/\/noticiasdestaque.com.br\/index.php\/wp-json\/wp\/v2\/comments?post=628"}],"version-history":[{"count":0,"href":"https:\/\/noticiasdestaque.com.br\/index.php\/wp-json\/wp\/v2\/posts\/628\/revisions"}],"wp:featuredmedia":[{"embeddable":true,"href":"https:\/\/noticiasdestaque.com.br\/index.php\/wp-json\/wp\/v2\/media\/629"}],"wp:attachment":[{"href":"https:\/\/noticiasdestaque.com.br\/index.php\/wp-json\/wp\/v2\/media?parent=628"}],"wp:term":[{"taxonomy":"category","embeddable":true,"href":"https:\/\/noticiasdestaque.com.br\/index.php\/wp-json\/wp\/v2\/categories?post=628"},{"taxonomy":"post_tag","embeddable":true,"href":"https:\/\/noticiasdestaque.com.br\/index.php\/wp-json\/wp\/v2\/tags?post=628"}],"curies":[{"name":"wp","href":"https:\/\/api.w.org\/{rel}","templated":true}]}}