{"id":6048,"date":"2023-03-30T20:24:00","date_gmt":"2023-03-30T20:24:00","guid":{"rendered":"https:\/\/noticiasdestaque.com.br\/index.php\/2023\/03\/30\/governo-quer-reavaliar-pisos-para-gastos-com-saude-e-educacao\/"},"modified":"2023-03-30T20:24:00","modified_gmt":"2023-03-30T20:24:00","slug":"governo-quer-reavaliar-pisos-para-gastos-com-saude-e-educacao","status":"publish","type":"post","link":"https:\/\/noticiasdestaque.com.br\/index.php\/2023\/03\/30\/governo-quer-reavaliar-pisos-para-gastos-com-saude-e-educacao\/","title":{"rendered":"Governo quer reavaliar pisos para gastos com sa\u00fade e educa\u00e7\u00e3o"},"content":{"rendered":"<style> bloco.meta {font-style: italic; color: #666;font-weight: 600;font-size: .8em; \/* line-height: .3em; *\/}  text h2 { font-weight: 700 !important;  color: #062f46 !important;} text img { width: none; left: none;}<\/style>\n<\/p>\n<p>Atrelados \u00e0 arrecada\u00e7\u00e3o, os gastos m\u00ednimos com sa\u00fade e educa\u00e7\u00e3o determinados pela Constitui\u00e7\u00e3o ser\u00e3o reavaliados, disse nesta quinta-feira (30) o secret\u00e1rio do Tesouro Nacional, Rog\u00e9rio Ceron. Em entrevista para explicar o novo arcabou\u00e7o fiscal, Ceron destacou que eventuais mudan\u00e7as ocorreriam por meio de emendas constitucionais e valeriam a partir de 2025.<\/p>\n<p>\u201cEntendemos que h\u00e1 crit\u00e9rios que podem ser melhores que a mera indexa\u00e7\u00e3o [em rela\u00e7\u00e3o \u00e0s receitas]\u201d, disse Ceron. <\/p>\n<p>Na semana passada, o ministro da Fazenda, Fernando Haddad, havia afirmado que o novo arcabou\u00e7o fiscal traria uma <a href=\"https:\/\/agenciabrasil.ebc.com.br\/economia\/noticia\/2023-03\/marco-fiscal-tera-transicao-para-repor-perdas-de-educacao-e-saude\" target=\"_blank\">regra de transi\u00e7\u00e3o<\/a> para repor as perdas com educa\u00e7\u00e3o e sa\u00fade ap\u00f3s a aprova\u00e7\u00e3o do teto de gastos. Essa transi\u00e7\u00e3o ocorreria por lei complementar, mas Ceron afirmou a disposi\u00e7\u00e3o do governo em revisar as regras estabelecidas na Constitui\u00e7\u00e3o.<\/p>\n<p>Atualmente, os gastos m\u00ednimos com sa\u00fade e educa\u00e7\u00e3o s\u00e3o vinculados \u00e0 arrecada\u00e7\u00e3o federal. O governo \u00e9 obrigado a executar pelo menos 15% da receita corrente l\u00edquida com a sa\u00fade e 18% da receita com impostos com a educa\u00e7\u00e3o.<\/p>\n<p>Segundo a equipe econ\u00f4mica, esses pisos criam problemas porque os gastos totais do governo est\u00e3o submetidos a uma regra geral, que era o teto de gastos e ser\u00e1 substitu\u00edda pelo novo arcabou\u00e7o fiscal. Dessa forma, caso os gastos com uma das duas \u00e1reas (educa\u00e7\u00e3o e sa\u00fade) cres\u00e7am mais que a m\u00e9dia das despesas, sobra uma fatia menor para outros tipos de gastos.<\/p>\n<p>No caso do novo arcabou\u00e7o, caso os gastos com sa\u00fade e educa\u00e7\u00e3o cres\u00e7am mais que a <a href=\"https:\/\/agenciabrasil.ebc.com.br\/economia\/noticia\/2023-03\/novo-marco-fiscal-limita-alta-do-gasto-70-da-variacao-da-receita\" target=\"_blank\">trava de 70% do crescimento das receitas nos 12 meses <\/a>anteriores, o governo ter\u00e1 de cortar gastos em outras \u00e1reas para cumprir os limites m\u00ednimos.<\/p>\n<p>Segundo Ceron, eventuais mudan\u00e7as nos pisos com sa\u00fade e educa\u00e7\u00e3o ser\u00e3o discutidas com os setores do governo. As altera\u00e7\u00f5es ocorreriam por meio de emenda Constitucional e seriam discutidas ao longo de 2024 para entrar em vigor em 2025.<\/p>\n<h2>Vincula\u00e7\u00e3o<\/h2>\n<p>Antes do teto de gastos, os valores eram definidos conforme a receita corrente l\u00edquida do governo federal. Ap\u00f3s o teto, os limites m\u00ednimos para a sa\u00fade e a educa\u00e7\u00e3o passaram a ser corrigidos anualmente pela infla\u00e7\u00e3o conforme o valor executado em 2016. O governo entende que, como a nova regra fiscal anular\u00e1 o teto de gastos, conforme previsto na emenda constitucional da transi\u00e7\u00e3o, voltar\u00e1 a valer a regra que vigorou at\u00e9 o fim de 2016.<\/p>\n<p>\u201cA pr\u00f3pria Constitui\u00e7\u00e3o diz que, assim que a lei complementar com o novo marco fiscal entrar em vigor, a transi\u00e7\u00e3o valer\u00e1 automaticamente\u201d, esclareceu Haddad.<\/p>\n<h2>Piso para investimentos<\/h2>\n<p>O secret\u00e1rio do Tesouro esclareceu que o limite m\u00ednimo para investimentos, previsto no novo arcabou\u00e7o, corresponderia a R$ 75 bilh\u00f5es por ano corrigidos pela infla\u00e7\u00e3o. Segundo Ceron, o piso para investimentos (obras p\u00fablicas e compra de equipamentos) permitiria a preserva\u00e7\u00e3o de gastos importantes para garantir o crescimento econ\u00f4mico.<\/p>\n<p>\u201c[Com o piso de investimentos], a gente tem a garantia que o ajuste n\u00e3o ser\u00e1 pelo investimento, que \u00e9 o pior corte que existe, junto com o corte de gastos sociais\u201d, declarou Ceron.<\/p>\n<p class=\"alt-font font-italic my-2 small text-info\">\n                                                Edi\u00e7\u00e3o:   Aline Leal                    <\/p>\n<p>            <!-- blog End --><\/p>\n<p>            <!-- tag and share --><\/p>\n<p> Fonte: EBC <\/p>\n<input type=\"hidden\" id=\"baseurl\" value=\"https:\/\/noticiasdestaque.com.br\"><input type=\"hidden\" id=\"audio_nonce\" value=\"34245022d4\">","protected":false},"excerpt":{"rendered":"<p>Mudan\u00e7as ocorreriam por emenda constitucional a partir de 2025<\/p>\n","protected":false},"author":1,"featured_media":6050,"comment_status":"open","ping_status":"open","sticky":false,"template":"","format":"standard","meta":{"fifu_image_url":"","fifu_image_alt":"","footnotes":""},"categories":[1],"tags":[107],"class_list":["post-6048","post","type-post","status-publish","format-standard","has-post-thumbnail","hentry","category-uncategorized","tag-closer-vendedor-milionario"],"distributor_meta":false,"distributor_terms":false,"distributor_media":false,"distributor_original_site_name":"Noticias em Destaque","distributor_original_site_url":"https:\/\/noticiasdestaque.com.br","push-errors":false,"_links":{"self":[{"href":"https:\/\/noticiasdestaque.com.br\/index.php\/wp-json\/wp\/v2\/posts\/6048","targetHints":{"allow":["GET"]}}],"collection":[{"href":"https:\/\/noticiasdestaque.com.br\/index.php\/wp-json\/wp\/v2\/posts"}],"about":[{"href":"https:\/\/noticiasdestaque.com.br\/index.php\/wp-json\/wp\/v2\/types\/post"}],"author":[{"embeddable":true,"href":"https:\/\/noticiasdestaque.com.br\/index.php\/wp-json\/wp\/v2\/users\/1"}],"replies":[{"embeddable":true,"href":"https:\/\/noticiasdestaque.com.br\/index.php\/wp-json\/wp\/v2\/comments?post=6048"}],"version-history":[{"count":1,"href":"https:\/\/noticiasdestaque.com.br\/index.php\/wp-json\/wp\/v2\/posts\/6048\/revisions"}],"predecessor-version":[{"id":6049,"href":"https:\/\/noticiasdestaque.com.br\/index.php\/wp-json\/wp\/v2\/posts\/6048\/revisions\/6049"}],"wp:featuredmedia":[{"embeddable":true,"href":"https:\/\/noticiasdestaque.com.br\/index.php\/wp-json\/wp\/v2\/media\/6050"}],"wp:attachment":[{"href":"https:\/\/noticiasdestaque.com.br\/index.php\/wp-json\/wp\/v2\/media?parent=6048"}],"wp:term":[{"taxonomy":"category","embeddable":true,"href":"https:\/\/noticiasdestaque.com.br\/index.php\/wp-json\/wp\/v2\/categories?post=6048"},{"taxonomy":"post_tag","embeddable":true,"href":"https:\/\/noticiasdestaque.com.br\/index.php\/wp-json\/wp\/v2\/tags?post=6048"}],"curies":[{"name":"wp","href":"https:\/\/api.w.org\/{rel}","templated":true}]}}