{"id":6042,"date":"2023-03-30T18:54:00","date_gmt":"2023-03-30T18:54:00","guid":{"rendered":"https:\/\/noticiasdestaque.com.br\/index.php\/2023\/03\/30\/impacto-de-nova-regra-fiscal-sobre-juros-ainda-sera-avaliado-diz-bc\/"},"modified":"2023-03-30T18:54:00","modified_gmt":"2023-03-30T18:54:00","slug":"impacto-de-nova-regra-fiscal-sobre-juros-ainda-sera-avaliado-diz-bc","status":"publish","type":"post","link":"https:\/\/noticiasdestaque.com.br\/index.php\/2023\/03\/30\/impacto-de-nova-regra-fiscal-sobre-juros-ainda-sera-avaliado-diz-bc\/","title":{"rendered":"Impacto de nova regra fiscal sobre juros ainda ser\u00e1 avaliado, diz BC"},"content":{"rendered":"<style> bloco.meta {font-style: italic; color: #666;font-weight: 600;font-size: .8em; \/* line-height: .3em; *\/}  text h2 { font-weight: 700 !important;  color: #062f46 !important;} text img { width: none; left: none;}<\/style>\n<\/p>\n<p>O presidente do Banco Central (BC), Roberto Campos Neto, disse que o novo arcabou\u00e7o fiscal, apresentado nesta quinta-feira (30) pelo Minist\u00e9rio da Fazenda, n\u00e3o afeta diretamente a pol\u00edtica monet\u00e1ria do pa\u00eds, mas pode alterar as expectativas de mercado, fator que impacta a decis\u00e3o do BC sobre os juros.<\/p>\n<p>Segundo Campo Neto, o processo de decis\u00e3o do BC n\u00e3o tem nenhum \u201ccomponente pol\u00edtico\u201d e a <a href=\"https:\/\/agenciabrasil.ebc.com.br\/economia\/noticia\/2023-03\/copom-mantem-juros-basicos-da-economia-em-1375-ao-ano\" target=\"_blank\">manuten\u00e7\u00e3o da taxa b\u00e1sica de juros, a Selic, em 13,75% ao ano<\/a> foi t\u00e9cnica.<\/p>\n<p>O Banco Central <a href=\"https:\/\/agenciabrasil.ebc.com.br\/economia\/noticia\/2023-03\/bc-aumenta-projecao-de-crescimento-da-economia-de-1-para-12\" target=\"_blank\">divulgou hoje<\/a> o seu Relat\u00f3rio de Infla\u00e7\u00e3o, seguido de coletiva de imprensa com o presidente do BC.<\/p>\n<p>Questionado sobre o novo arcabou\u00e7o, Campos Neto disse que o Banco Central ainda n\u00e3o teve acesso a todos os par\u00e2metros da medida, mas que vai analisar o que foi anunciado. \u201cO importante para a gente \u00e9 como incorporar isso nas nossas proje\u00e7\u00f5es. N\u00e3o fazemos [pol\u00edtica] fiscal, n\u00e3o \u00e9 um trabalho do BC. Incorporamos o fiscal nas nossas expectativas, na fun\u00e7\u00e3o e rea\u00e7\u00e3o que o BC tem. Lembrando que temos um regime que se baseia em c\u00e2mbio flutuante, em um sistema de meta e que tem \u00e2ncora fiscal\u201d, explicou.<\/p>\n<p>Na <a href=\"https:\/\/agenciabrasil.ebc.com.br\/economia\/noticia\/2023-03\/ata-do-copom-reforca-possibilidade-de-subir-taxa-de-juros\" target=\"_blank\">ata do Copom divulgada esta semana<\/a>, o BC refor\u00e7ou que n\u00e3o h\u00e1 rela\u00e7\u00e3o mec\u00e2nica entre a converg\u00eancia de infla\u00e7\u00e3o e a apresenta\u00e7\u00e3o do arcabou\u00e7o fiscal, pois a primeira reage \u00e0s expectativas de infla\u00e7\u00e3o, \u00e0s proje\u00e7\u00f5es da d\u00edvida p\u00fablica e aos pre\u00e7os de ativos. Por outro lado, destacou tamb\u00e9m que \u201cum arcabou\u00e7o fiscal s\u00f3lido e cr\u00edvel\u201d pode ajudar no processo de desinfla\u00e7\u00e3o.<\/p>\n<p>\u201cO comit\u00ea destaca que a materializa\u00e7\u00e3o de um cen\u00e1rio com um arcabou\u00e7o fiscal s\u00f3lido e cr\u00edvel pode levar a um processo desinflacion\u00e1rio mais benigno atrav\u00e9s de seu efeito no canal de expectativas, ao reduzir as expectativas de infla\u00e7\u00e3o, a incerteza na economia e o pr\u00eamio de risco associado aos ativos dom\u00e9sticos\u201d, diz o documento.<\/p>\n<p>Para Campo Neto, o ministro da Fazenda, Fernando Haddad, est\u00e1 \u201cmuito bem intencionado\u201d e tem uma luta dura pela frente para equilibrar as contas p\u00fablicas.<\/p>\n<p>\u201cQuando olhamos o arcabou\u00e7o, ainda sem a calibragem dos par\u00e2metros, ele parecia bastante razo\u00e1vel\u201d, disse. \u201cA gente reconhece o esfor\u00e7o que est\u00e1 sendo feito pelo ministro da Fazenda, em um projeto que \u00e9 duro, em um governo que tem bastante divis\u00f5es e acho que denota claramente uma preocupa\u00e7\u00e3o com a trajet\u00f3ria de d\u00edvida\u201d, completou o presidente do BC.<\/p>\n<h2>Decis\u00e3o t\u00e9cnica<\/h2>\n<p>A Selic \u00e9 o principal instrumento usado pelo BC para alcan\u00e7ar a meta de infla\u00e7\u00e3o porque a taxa causa reflexos nos pre\u00e7os, j\u00e1 que juros mais altos encarecem o cr\u00e9dito e estimulam a poupan\u00e7a, evitando a demanda aquecida. Em mar\u00e7o de 2021, o \u00f3rg\u00e3o iniciou um ciclo de aperto monet\u00e1rio, em meio \u00e0 alta dos pre\u00e7os de alimentos, de energia e de combust\u00edveis, elevando a taxa b\u00e1sica ao seu maior n\u00edvel desde janeiro de 2017, quando tamb\u00e9m estava em 13,75% ao ano.<\/p>\n<p>A decis\u00e3o de manuten\u00e7\u00e3o da Selic neste patamar vem sendo criticada pelo governo federal, que cobra uma redu\u00e7\u00e3o para impulsionar o crescimento da economia. Segundo Campo Neto, a rela\u00e7\u00e3o do BC com a Fazenda \u00e9 boa e o \u00f3rg\u00e3o tenta comunicar \u201cda melhor forma poss\u00edvel\u201d os par\u00e2metros sobre a pol\u00edtica monet\u00e1ria.<\/p>\n<p>\u201cPrecisamos explicar para a sociedade que esse trabalho t\u00e9cnico tem um custo a curto prazo, mas que n\u00e3o faz\u00ea-lo tem um custo maior, e mostrar as vantagens de ter uma infla\u00e7\u00e3o sobre controle, em espec\u00edfico do ponto de vista social\u201d, disse. \u201cE por isso que a autonomia \u00e9 importante para o Banco Central tomar essa decis\u00e3o de coisas que t\u00eam custo alto a curto prazo para n\u00e3o ter que incorrer em custo muito maior de longo prazo, que seria muito mais danoso para a sociedade\u201d, completou.<\/p>\n<p>Segundo o presidente do BC, pa\u00edses que hoje est\u00e3o com infla\u00e7\u00e3o alta apresentam aumento da pobreza extrema e queda dos \u00edndices de consumo e de confian\u00e7a do consumidor.<\/p>\n<p class=\"alt-font font-italic my-2 small text-info\">\n                                                Edi\u00e7\u00e3o:   Juliana Andrade                    <\/p>\n<p>            <!-- blog End --><\/p>\n<p>            <!-- tag and share --><\/p>\n<p> Fonte: EBC <\/p>\n<input type=\"hidden\" id=\"baseurl\" value=\"https:\/\/noticiasdestaque.com.br\"><input type=\"hidden\" id=\"audio_nonce\" value=\"34245022d4\">","protected":false},"excerpt":{"rendered":"<p>Arcabou\u00e7o fiscal foi apresentado nesta\u00a0quinta-feira pela Fazenda<\/p>\n","protected":false},"author":1,"featured_media":6044,"comment_status":"open","ping_status":"open","sticky":false,"template":"","format":"standard","meta":{"fifu_image_url":"","fifu_image_alt":"","footnotes":""},"categories":[1],"tags":[107],"class_list":["post-6042","post","type-post","status-publish","format-standard","has-post-thumbnail","hentry","category-uncategorized","tag-closer-vendedor-milionario"],"distributor_meta":false,"distributor_terms":false,"distributor_media":false,"distributor_original_site_name":"Noticias em Destaque","distributor_original_site_url":"https:\/\/noticiasdestaque.com.br","push-errors":false,"_links":{"self":[{"href":"https:\/\/noticiasdestaque.com.br\/index.php\/wp-json\/wp\/v2\/posts\/6042","targetHints":{"allow":["GET"]}}],"collection":[{"href":"https:\/\/noticiasdestaque.com.br\/index.php\/wp-json\/wp\/v2\/posts"}],"about":[{"href":"https:\/\/noticiasdestaque.com.br\/index.php\/wp-json\/wp\/v2\/types\/post"}],"author":[{"embeddable":true,"href":"https:\/\/noticiasdestaque.com.br\/index.php\/wp-json\/wp\/v2\/users\/1"}],"replies":[{"embeddable":true,"href":"https:\/\/noticiasdestaque.com.br\/index.php\/wp-json\/wp\/v2\/comments?post=6042"}],"version-history":[{"count":1,"href":"https:\/\/noticiasdestaque.com.br\/index.php\/wp-json\/wp\/v2\/posts\/6042\/revisions"}],"predecessor-version":[{"id":6043,"href":"https:\/\/noticiasdestaque.com.br\/index.php\/wp-json\/wp\/v2\/posts\/6042\/revisions\/6043"}],"wp:featuredmedia":[{"embeddable":true,"href":"https:\/\/noticiasdestaque.com.br\/index.php\/wp-json\/wp\/v2\/media\/6044"}],"wp:attachment":[{"href":"https:\/\/noticiasdestaque.com.br\/index.php\/wp-json\/wp\/v2\/media?parent=6042"}],"wp:term":[{"taxonomy":"category","embeddable":true,"href":"https:\/\/noticiasdestaque.com.br\/index.php\/wp-json\/wp\/v2\/categories?post=6042"},{"taxonomy":"post_tag","embeddable":true,"href":"https:\/\/noticiasdestaque.com.br\/index.php\/wp-json\/wp\/v2\/tags?post=6042"}],"curies":[{"name":"wp","href":"https:\/\/api.w.org\/{rel}","templated":true}]}}