{"id":600,"date":"2022-10-20T23:33:05","date_gmt":"2022-10-21T02:33:05","guid":{"rendered":"https:\/\/www.diariofama.com.br\/2022\/10\/20\/em-brumadinho-bombeiros-de-minas-gerais-viveram-maior-desafio-de-sua-historia\/"},"modified":"2022-10-20T23:33:05","modified_gmt":"2022-10-21T02:33:05","slug":"em-brumadinho-bombeiros-de-minas-gerais-viveram-maior-desafio-de-sua-historia","status":"publish","type":"post","link":"https:\/\/noticiasdestaque.com.br\/index.php\/2022\/10\/20\/em-brumadinho-bombeiros-de-minas-gerais-viveram-maior-desafio-de-sua-historia\/","title":{"rendered":"Em Brumadinho, bombeiros de Minas Gerais viveram maior desafio de sua hist\u00f3ria"},"content":{"rendered":"<p>O rompimento da barragem de Brumadinho, em janeiro de 2019, foi um dos maiores desastres brasileiros dos \u00faltimos anos. Comandado pelo coronel Edgard Estevo da Silva, o Corpo de Bombeiros Militar de Minas Gerias (CBMMG) teve atua\u00e7\u00e3o fundamental no resgate das v\u00edtimas. Como reconhecimento pelo trabalho, o chefe da corpora\u00e7\u00e3o, h\u00e1 mais de 32 anos na ativa, foi condecorado nesta semana com a medalha Defesa Civil no Grau Comendador.<\/p>\n<p>Al\u00e9m de coronel no Corpo de Bombeiros de Minas Gerais, Edgard Estevo \u00e9 presidente do Conselho Nacional dos Corpos de Bombeiros Militares do Brasil (Ligabom). Entre tantas ocorr\u00eancias marcantes em sua carreira, ele refor\u00e7a que a trag\u00e9dia em Brumadinho foi a mais marcante n\u00e3o s\u00f3 para ele, mas tamb\u00e9m para o Corpo de Bombeiros de Minas Gerais.<\/p>\n<p>\u201cA magnitude do desastre, o n\u00famero de v\u00edtimas, a complexidade da ocorr\u00eancia, o n\u00famero de socorristas e ag\u00eancias, a log\u00edstica, os riscos para os socorristas e a como\u00e7\u00e3o nacional fizeram com que a gest\u00e3o fosse com aspectos de ineditismo e aprendizado\u201d, destaca o coronel Edgard Estevo.<\/p>\n<p>Em meio a tantas perdas, tristeza e luto, Edgard Estevo relembra um momento em que os bombeiros tiveram \u00eaxito no resgate de pessoas que viviam na regi\u00e3o afetada pela ruptura da barragem.<\/p>\n<p>\u201cMuito se fala das 270 vidas perdidas, algo que a gente n\u00e3o tem como reparar mais para todas as fam\u00edlias. Mas, no dia 25 de janeiro de 2019, os bombeiros militares de Minas Gerais efetivamente salvaram muitas vidas de pessoas que foram retiradas da zona quente. Isso \u00e9 algo que n\u00f3s fazemos todos os dias\u201d, ressalta.<\/p>\n<p>A zona quente, em Brumadinho, \u00e9 composta pelas comunidades de C\u00f3rrego do Feij\u00e3o, Parque da Cachoeira, Alberto Flores, Cantagalo, Pires e do entorno do Ribeir\u00e3o Ferro-Carv\u00e3o, onde moram mais de 10 mil pessoas.<\/p>\n<p>Edgard Estevo tamb\u00e9m cita o inc\u00eandio na Santa Casa de Belo Horizonte, em julho deste ano, como outro trabalho de excel\u00eancia da corpora\u00e7\u00e3o.<\/p>\n<p>\u201cOs bombeiros retiraram mais de 950 pessoas da Santa Casa. Ou seja, \u00e9 um dia a dia em que podemos dizer que fazemos a diferen\u00e7a em prol de muitas fam\u00edlias, e isso nos orgulha diariamente\u201d, finaliza o coronel Edgard Estevo.<\/p>\n<p>Fonte: Brasil61<\/p>\n<input type=\"hidden\" id=\"baseurl\" value=\"https:\/\/noticiasdestaque.com.br\"><input type=\"hidden\" id=\"audio_nonce\" value=\"9fd43fe80e\">","protected":false},"excerpt":{"rendered":"<p>Chefe da corpora\u00e7\u00e3o, coronel Edgard Estevo, que recebeu esta semana a Medalha Defesa Civil Nacional, relembra os dias da trag\u00e9dia<\/p>\n","protected":false},"author":1,"featured_media":601,"comment_status":"open","ping_status":"open","sticky":false,"template":"","format":"standard","meta":{"fifu_image_url":"","fifu_image_alt":"","footnotes":""},"categories":[48],"tags":[],"class_list":["post-600","post","type-post","status-publish","format-standard","has-post-thumbnail","hentry","category-mundo"],"distributor_meta":false,"distributor_terms":false,"distributor_media":false,"distributor_original_site_name":"Portal de Recupera\u00e7\u00e3o","distributor_original_site_url":"https:\/\/portalderecuperacao.com","push-errors":false,"_links":{"self":[{"href":"https:\/\/noticiasdestaque.com.br\/index.php\/wp-json\/wp\/v2\/posts\/600","targetHints":{"allow":["GET"]}}],"collection":[{"href":"https:\/\/noticiasdestaque.com.br\/index.php\/wp-json\/wp\/v2\/posts"}],"about":[{"href":"https:\/\/noticiasdestaque.com.br\/index.php\/wp-json\/wp\/v2\/types\/post"}],"author":[{"embeddable":true,"href":"https:\/\/noticiasdestaque.com.br\/index.php\/wp-json\/wp\/v2\/users\/1"}],"replies":[{"embeddable":true,"href":"https:\/\/noticiasdestaque.com.br\/index.php\/wp-json\/wp\/v2\/comments?post=600"}],"version-history":[{"count":0,"href":"https:\/\/noticiasdestaque.com.br\/index.php\/wp-json\/wp\/v2\/posts\/600\/revisions"}],"wp:featuredmedia":[{"embeddable":true,"href":"https:\/\/noticiasdestaque.com.br\/index.php\/wp-json\/wp\/v2\/media\/601"}],"wp:attachment":[{"href":"https:\/\/noticiasdestaque.com.br\/index.php\/wp-json\/wp\/v2\/media?parent=600"}],"wp:term":[{"taxonomy":"category","embeddable":true,"href":"https:\/\/noticiasdestaque.com.br\/index.php\/wp-json\/wp\/v2\/categories?post=600"},{"taxonomy":"post_tag","embeddable":true,"href":"https:\/\/noticiasdestaque.com.br\/index.php\/wp-json\/wp\/v2\/tags?post=600"}],"curies":[{"name":"wp","href":"https:\/\/api.w.org\/{rel}","templated":true}]}}