{"id":5967,"date":"2023-03-28T05:19:00","date_gmt":"2023-03-28T05:19:00","guid":{"rendered":"https:\/\/noticiasdestaque.com.br\/index.php\/2023\/03\/28\/midr-decreta-situacao-de-emergencia-em-cidades-do-rio-grande-do-sul-afetadas-pela-estiagem\/"},"modified":"2023-03-28T05:19:00","modified_gmt":"2023-03-28T05:19:00","slug":"midr-decreta-situacao-de-emergencia-em-cidades-do-rio-grande-do-sul-afetadas-pela-estiagem","status":"publish","type":"post","link":"https:\/\/noticiasdestaque.com.br\/index.php\/2023\/03\/28\/midr-decreta-situacao-de-emergencia-em-cidades-do-rio-grande-do-sul-afetadas-pela-estiagem\/","title":{"rendered":"MIDR decreta situa\u00e7\u00e3o de emerg\u00eancia em 14 cidades do Rio Grande do Sul afetadas pela estiagem"},"content":{"rendered":"<p data-pm-slice=\"0 0 []\">O Minist\u00e9rio da Integra\u00e7\u00e3o e do Desenvolvimento Regional (MIDR), por meio da Defesa Civil Nacional, reconheceu a situa\u00e7\u00e3o de emerg\u00eancia em mais 14 cidades do Rio Grande do Sul afetadas pela estiagem. A portaria que oficializa a medida foi publicada na edi\u00e7\u00e3o desta segunda-feira (27) do Di\u00e1rio Oficial da Uni\u00e3o (DOU). Confira <a data-tippreview-enabled=\"false\" data-tippreview-image=\"\" data-tippreview-title=\"\" href=\"http:\/\/www.in.gov.br\/web\/dou\/-\/portaria-n-1.205-de-24-de-marco-de-2023-472709725\" target=\"_blank\" title=\"\">neste link<\/a>.<\/p>\n<p>Est\u00e3o na lista os munic\u00edpios de Canudos do Vale, Centen\u00e1rio, Coxilha, Dois Lajeados, Mostardas, Nicolau Vergueiro, Nova Prata, Passo Fundo, Santa Clara do Sul, Santa Vit\u00f3ria do Palmar, Sete de Setembro, Soledade, Teut\u00f4nia e Viam\u00e3o.<\/p>\n<p>No momento, 362 cidades ga\u00fachas est\u00e3o com reconhecimento federal de situa\u00e7\u00e3o de emerg\u00eancia vigente devido \u00e0 estiagem.<\/p>\n<p>Tamb\u00e9m nesta segunda-feira, outras 32 cidades dos estados da Bahia, Cear\u00e1, Maranh\u00e3o, Minas Gerais, Mato Grosso do Sul, Par\u00e1, Para\u00edba, Pernambuco, Rio Grande do Norte e S\u00e3o Paulo obtiveram o reconhecimento federal de situa\u00e7\u00e3o de emerg\u00eancia. Confira a lista completa <a data-tippreview-enabled=\"false\" data-tippreview-image=\"\" data-tippreview-title=\"\" href=\"https:\/\/www.in.gov.br\/web\/dou\/-\/portaria-n-1.193-de-23-de-marco-de-2023-472715773\" target=\"_blank\" title=\"\">aqui<\/a> e <a data-tippreview-enabled=\"false\" data-tippreview-image=\"\" data-tippreview-title=\"\" href=\"https:\/\/www.in.gov.br\/web\/dou\/-\/portaria-n-1.205-de-24-de-marco-de-2023-472709725\" target=\"_blank\" title=\"\">aqui<\/a>.<\/p>\n<h2>Apoio federal<\/h2>\n<p>O MIDR comp\u00f5e o <a data-tippreview-enabled=\"false\" data-tippreview-image=\"\" data-tippreview-title=\"\" href=\"http:\/\/www.in.gov.br\/en\/web\/dou\/-\/decreto-n-11.433-de-10-de-marco-de-2023-469384434\" target=\"_blank\" title=\"\">Grupo de Trabalho<\/a> criado pelo Governo Federal com o objetivo de apresentar propostas para prevenir e minimizar os efeitos da estiagem na produ\u00e7\u00e3o agr\u00edcola na regi\u00e3o Sul do Pa\u00eds. <a data-tippreview-enabled=\"false\" data-tippreview-image=\"\" data-tippreview-title=\"\" href=\"http:\/\/www.gov.br\/mdr\/pt-br\/noticias\/governo-federal-cria-grupo-de-trabalho-para-promover-acoes-para-mitigar-estiagem-no-sul\" target=\"_blank\" title=\"\">Saiba mais aqui<\/a>.<\/p>\n<p>Em fevereiro, o Governo Federal, por meio dos minist\u00e9rios da Integra\u00e7\u00e3o e do Desenvolvimento Regional (MIDR), do Desenvolvimento Agr\u00e1rio e Agricultura Familiar (MDA), da Agricultura e Pecu\u00e1ria (Mapa) e do Desenvolvimento e Assist\u00eancia Social, Fam\u00edlia e Combate \u00e0 Fome (MDS), anunciou investimentos de R$ 430 milh\u00f5es para a\u00e7\u00f5es de mitiga\u00e7\u00e3o dos efeitos da estiagem no Rio Grande do Sul.<\/p>\n<p>Do valor total anunciado, R$ 100 milh\u00f5es est\u00e3o sendo investidos pelo MIDR. Os recursos se destinam \u00e0 contrata\u00e7\u00e3o de carros pipas para distribui\u00e7\u00e3o de \u00e1gua e tamb\u00e9m \u00e0 compra e \u00e0 doa\u00e7\u00e3o de cestas b\u00e1sicas e de combust\u00edvel, entre outras a\u00e7\u00f5es. Cerca de 300 munic\u00edpios ser\u00e3o beneficiados.<\/p>\n<h2>Como solicitar recursos federais para a\u00e7\u00f5es de defesa civil<\/h2>\n<p>Cidades em situa\u00e7\u00e3o de emerg\u00eancia ou estado de calamidade p\u00fablica reconhecido pela Defesa Civil Nacional est\u00e3o aptas a solicitar recursos do Minist\u00e9rio da Integra\u00e7\u00e3o e do Desenvolvimento Regional para atendimento \u00e0 popula\u00e7\u00e3o afetada.<\/p>\n<p>As a\u00e7\u00f5es envolvem socorro, assist\u00eancias \u00e0s v\u00edtimas, restabelecimento de servi\u00e7os essenciais e reconstru\u00e7\u00e3o de infraestrutura destru\u00edda ou danificada. A solicita\u00e7\u00e3o deve ser feita por meio do Sistema Integrado de Informa\u00e7\u00f5es sobre Desastres (<a data-tippreview-enabled=\"false\" data-tippreview-image=\"\" data-tippreview-title=\"\" href=\"http:\/\/s2id.mi.gov.br\/\" target=\"_blank\" title=\"\">S2iD<\/a>).<\/p>\n<p>Com base nas informa\u00e7\u00f5es enviadas, a equipe t\u00e9cnica da Defesa Civil Nacional avalia as metas e os valores solicitados. Com a aprova\u00e7\u00e3o, \u00e9 publicada portaria no DOU com a valor ser liberado.<\/p>\n<h2>Capacita\u00e7\u00f5es da Defesa Civil Nacional<\/h2>\n<p>A Defesa Civil Nacional oferece uma s\u00e9rie de cursos a dist\u00e2ncia para habilitar e qualificar agentes municipais e estaduais para o uso do S2iD. As capacita\u00e7\u00f5es t\u00eam como foco os agentes de prote\u00e7\u00e3o e defesa civil nas tr\u00eas esferas de governo. Confira <a data-tippreview-enabled=\"false\" data-tippreview-image=\"\" data-tippreview-title=\"\" href=\"http:\/\/www.gov.br\/mdr\/pt-br\/assuntos\/protecao-e-defesa-civil\/capacitacoes\/cursos-em-andamento\" target=\"_blank\" title=\"\">neste link<\/a> a lista completa dos cursos.<\/p>\n<p> Fonte: Brasil61<\/p>\n<input type=\"hidden\" id=\"baseurl\" value=\"https:\/\/noticiasdestaque.com.br\"><input type=\"hidden\" id=\"audio_nonce\" value=\"6f73a554f1\">","protected":false},"excerpt":{"rendered":"<p>No momento, 362 cidades ga\u00fachas est\u00e3o com reconhecimento federal vigente devido ao desastre<\/p>\n","protected":false},"author":1,"featured_media":5969,"comment_status":"open","ping_status":"open","sticky":false,"template":"","format":"standard","meta":{"fifu_image_url":"","fifu_image_alt":"","footnotes":""},"categories":[1],"tags":[106],"class_list":["post-5967","post","type-post","status-publish","format-standard","has-post-thumbnail","hentry","category-uncategorized","tag-brunna-pareja"],"distributor_meta":false,"distributor_terms":false,"distributor_media":false,"distributor_original_site_name":"Noticias em Destaque","distributor_original_site_url":"https:\/\/noticiasdestaque.com.br","push-errors":false,"_links":{"self":[{"href":"https:\/\/noticiasdestaque.com.br\/index.php\/wp-json\/wp\/v2\/posts\/5967","targetHints":{"allow":["GET"]}}],"collection":[{"href":"https:\/\/noticiasdestaque.com.br\/index.php\/wp-json\/wp\/v2\/posts"}],"about":[{"href":"https:\/\/noticiasdestaque.com.br\/index.php\/wp-json\/wp\/v2\/types\/post"}],"author":[{"embeddable":true,"href":"https:\/\/noticiasdestaque.com.br\/index.php\/wp-json\/wp\/v2\/users\/1"}],"replies":[{"embeddable":true,"href":"https:\/\/noticiasdestaque.com.br\/index.php\/wp-json\/wp\/v2\/comments?post=5967"}],"version-history":[{"count":1,"href":"https:\/\/noticiasdestaque.com.br\/index.php\/wp-json\/wp\/v2\/posts\/5967\/revisions"}],"predecessor-version":[{"id":5968,"href":"https:\/\/noticiasdestaque.com.br\/index.php\/wp-json\/wp\/v2\/posts\/5967\/revisions\/5968"}],"wp:featuredmedia":[{"embeddable":true,"href":"https:\/\/noticiasdestaque.com.br\/index.php\/wp-json\/wp\/v2\/media\/5969"}],"wp:attachment":[{"href":"https:\/\/noticiasdestaque.com.br\/index.php\/wp-json\/wp\/v2\/media?parent=5967"}],"wp:term":[{"taxonomy":"category","embeddable":true,"href":"https:\/\/noticiasdestaque.com.br\/index.php\/wp-json\/wp\/v2\/categories?post=5967"},{"taxonomy":"post_tag","embeddable":true,"href":"https:\/\/noticiasdestaque.com.br\/index.php\/wp-json\/wp\/v2\/tags?post=5967"}],"curies":[{"name":"wp","href":"https:\/\/api.w.org\/{rel}","templated":true}]}}