{"id":5964,"date":"2023-03-28T04:49:00","date_gmt":"2023-03-28T04:49:00","guid":{"rendered":"https:\/\/noticiasdestaque.com.br\/index.php\/2023\/03\/28\/defesa-civil-nacional-reconhece-situacao-de-emergencia-em-mais-cidades-pernambucanas-afetadas-pela-estiagem\/"},"modified":"2023-03-28T04:49:00","modified_gmt":"2023-03-28T04:49:00","slug":"defesa-civil-nacional-reconhece-situacao-de-emergencia-em-mais-cidades-pernambucanas-afetadas-pela-estiagem","status":"publish","type":"post","link":"https:\/\/noticiasdestaque.com.br\/index.php\/2023\/03\/28\/defesa-civil-nacional-reconhece-situacao-de-emergencia-em-mais-cidades-pernambucanas-afetadas-pela-estiagem\/","title":{"rendered":"Defesa Civil Nacional reconhece situa\u00e7\u00e3o de emerg\u00eancia em mais 11 cidades pernambucanas afetadas pela estiagem"},"content":{"rendered":"<article prefix=\"rnews: http:\/\/iptc.org\/std\/rNews\/2011-10-07#\" typeof=\"Article\" vocab=\"http:\/\/schema.org\/\">\n<p data-pm-slice=\"0 0 []\">O Minist\u00e9rio da Integra\u00e7\u00e3o e do Desenvolvimento Regional (MIDR), por meio da Defesa Civil Nacional, reconheceu a situa\u00e7\u00e3o de emerg\u00eancia em mais 11 cidades de Pernambuco afetadas pela estiagem. A portaria que oficializa a medida foi publicada na edi\u00e7\u00e3o desta segunda-feira (27) do Di\u00e1rio Oficial da Uni\u00e3o (DOU). Confira <a data-tippreview-enabled=\"false\" data-tippreview-image=\"\" data-tippreview-title=\"\" href=\"http:\/\/www.in.gov.br\/web\/dou\/-\/portaria-n-1.193-de-23-de-marco-de-2023-472715773 ] e neste [https:\/\/www.in.gov.br\/web\/dou\/-\/portaria-n-1.205-de-24-de-marco-de-2023-472709725\" target=\"_blank\" title=\"\">neste link<\/a>.<\/p>\n<p>Foram atingidos os munic\u00edpios de Afogados da Ingazeira, Afr\u00e2nio, Jata\u00faba, Parnamirim, Petrol\u00e2ndia, Petrolina, Riacho das Almas, Serra Talhada, Taquaritinga do Norte, Triunfo e Vertentes.<\/p>\n<p>Ao todo, o Brasil tem, no momento, 1.532munic\u00edpios com reconhecimento federal de situa\u00e7\u00e3o de emerg\u00eancia devido a desastres naturais.<\/p>\n<h2>Como solicitar recursos federais para a\u00e7\u00f5es de defesa civil<\/h2>\n<p>Cidades em situa\u00e7\u00e3o de emerg\u00eancia ou estado de calamidade p\u00fablica reconhecido pela Defesa Civil Nacional est\u00e3o aptas a solicitar recursos do Minist\u00e9rio da Integra\u00e7\u00e3o e do Desenvolvimento Regional para atendimento \u00e0 popula\u00e7\u00e3o afetada.<\/p>\n<p>As a\u00e7\u00f5es envolvem socorro, assist\u00eancias \u00e0s v\u00edtimas, restabelecimento de servi\u00e7os essenciais e reconstru\u00e7\u00e3o de infraestrutura destru\u00edda ou danificada. A solicita\u00e7\u00e3o deve ser feita por meio do Sistema Integrado de Informa\u00e7\u00f5es sobre Desastres (<a data-tippreview-enabled=\"false\" data-tippreview-image=\"\" data-tippreview-title=\"\" href=\"http:\/\/s2id.mi.gov.br\/\" target=\"_blank\" title=\"\">S2iD<\/a>).<\/p>\n<p>Com base nas informa\u00e7\u00f5es enviadas, a equipe t\u00e9cnica da Defesa Civil Nacional avalia as metas e os valores solicitados. Com a aprova\u00e7\u00e3o, \u00e9 publicada portaria no DOU com a valor ser liberado.<\/p>\n<h2>Capacita\u00e7\u00f5es da Defesa Civil Nacional<\/h2>\n<p>A Defesa Civil Nacional oferece uma s\u00e9rie de cursos a dist\u00e2ncia para habilitar e qualificar agentes municipais e estaduais para o uso do S2iD. As capacita\u00e7\u00f5es t\u00eam como foco os agentes de prote\u00e7\u00e3o e defesa civil nas tr\u00eas esferas de governo. Confira <a data-tippreview-enabled=\"false\" data-tippreview-image=\"\" data-tippreview-title=\"\" href=\"http:\/\/www.gov.br\/mdr\/pt-br\/assuntos\/protecao-e-defesa-civil\/capacitacoes\/cursos-em-andamento\" target=\"_blank\" title=\"\">neste link<\/a> a lista completa dos cursos.<\/p>\n<\/article>\n<p> Fonte: Brasil61<\/p>\n<input type=\"hidden\" id=\"baseurl\" value=\"https:\/\/noticiasdestaque.com.br\"><input type=\"hidden\" id=\"audio_nonce\" value=\"6f73a554f1\">","protected":false},"excerpt":{"rendered":"<p>Est\u00e3o na lista os munic\u00edpios de Afogados da Ingazeira, Afr\u00e2nio, Jata\u00faba, Parnamirim, Petrol\u00e2ndia, Petrolina, Riacho das Almas, Serra Talhada, Taquaritinga do Norte, Triunfo e Vertentes<\/p>\n","protected":false},"author":1,"featured_media":5966,"comment_status":"open","ping_status":"open","sticky":false,"template":"","format":"standard","meta":{"fifu_image_url":"","fifu_image_alt":"","footnotes":""},"categories":[1],"tags":[106],"class_list":["post-5964","post","type-post","status-publish","format-standard","has-post-thumbnail","hentry","category-uncategorized","tag-brunna-pareja"],"distributor_meta":false,"distributor_terms":false,"distributor_media":false,"distributor_original_site_name":"Noticias em Destaque","distributor_original_site_url":"https:\/\/noticiasdestaque.com.br","push-errors":false,"_links":{"self":[{"href":"https:\/\/noticiasdestaque.com.br\/index.php\/wp-json\/wp\/v2\/posts\/5964","targetHints":{"allow":["GET"]}}],"collection":[{"href":"https:\/\/noticiasdestaque.com.br\/index.php\/wp-json\/wp\/v2\/posts"}],"about":[{"href":"https:\/\/noticiasdestaque.com.br\/index.php\/wp-json\/wp\/v2\/types\/post"}],"author":[{"embeddable":true,"href":"https:\/\/noticiasdestaque.com.br\/index.php\/wp-json\/wp\/v2\/users\/1"}],"replies":[{"embeddable":true,"href":"https:\/\/noticiasdestaque.com.br\/index.php\/wp-json\/wp\/v2\/comments?post=5964"}],"version-history":[{"count":1,"href":"https:\/\/noticiasdestaque.com.br\/index.php\/wp-json\/wp\/v2\/posts\/5964\/revisions"}],"predecessor-version":[{"id":5965,"href":"https:\/\/noticiasdestaque.com.br\/index.php\/wp-json\/wp\/v2\/posts\/5964\/revisions\/5965"}],"wp:featuredmedia":[{"embeddable":true,"href":"https:\/\/noticiasdestaque.com.br\/index.php\/wp-json\/wp\/v2\/media\/5966"}],"wp:attachment":[{"href":"https:\/\/noticiasdestaque.com.br\/index.php\/wp-json\/wp\/v2\/media?parent=5964"}],"wp:term":[{"taxonomy":"category","embeddable":true,"href":"https:\/\/noticiasdestaque.com.br\/index.php\/wp-json\/wp\/v2\/categories?post=5964"},{"taxonomy":"post_tag","embeddable":true,"href":"https:\/\/noticiasdestaque.com.br\/index.php\/wp-json\/wp\/v2\/tags?post=5964"}],"curies":[{"name":"wp","href":"https:\/\/api.w.org\/{rel}","templated":true}]}}