{"id":596,"date":"2022-10-20T22:56:11","date_gmt":"2022-10-21T01:56:11","guid":{"rendered":"https:\/\/www.diariofama.com.br\/2022\/10\/20\/senado-aprova-incentivo-para-uso-de-tecnologia-avancada-na-agricultura-e-pecuaria\/"},"modified":"2022-10-20T22:56:11","modified_gmt":"2022-10-21T01:56:11","slug":"senado-aprova-incentivo-para-uso-de-tecnologia-avancada-na-agricultura-e-pecuaria","status":"publish","type":"post","link":"https:\/\/noticiasdestaque.com.br\/index.php\/2022\/10\/20\/senado-aprova-incentivo-para-uso-de-tecnologia-avancada-na-agricultura-e-pecuaria\/","title":{"rendered":"Senado aprova incentivo para uso de tecnologia avan\u00e7ada na agricultura e pecu\u00e1ria"},"content":{"rendered":"<p>A Comiss\u00e3o de Agricultura e Reforma Agr\u00e1ria do Senado Federal aprovou  por unanimidade, nesta quinta-feira (20), o PL 149\/2019, que cria o Plano de Agricultura e Pecu\u00e1ria de Precis\u00e3o. A nova legisla\u00e7\u00e3o tem  o intuito de ampliar a utiliza\u00e7\u00e3o de t\u00e9cnicas de produ\u00e7\u00e3o agropecu\u00e1ria no Brasil com a ado\u00e7\u00e3o de tecnologia avan\u00e7ada, permitindo um melhor aproveitamento do solo e dos rebanhos.<\/p>\n<p>Georreferenciamento, sat\u00e9lites, internet e informa\u00e7\u00f5es em tempo real s\u00e3o exemplos de ferramentas tecnol\u00f3gicas que ter\u00e3o o uso incentivado pela nova pol\u00edtica. Algumas das principais diretrizes do projeto s\u00e3o o apoio \u00e0 inova\u00e7\u00e3o, \u00e0 sustentabilidade e ao desenvolvimento tecnol\u00f3gico e \u00e0 difus\u00e3o dessas novas tecnologias, al\u00e9m do est\u00edmulo \u00e0 amplia\u00e7\u00e3o da rede e da infraestrutura de pesquisa.<\/p>\n<p>A novidade agrada representantes dos setores envolvidos. \u201cA gente tem certeza que, a partir da inser\u00e7\u00e3o de tecnologia, novas aplica\u00e7\u00f5es, novas gera\u00e7\u00f5es de emprego, novos usos de tecnologia v\u00e3o surgir. E, a\u00ed, o dinamismo econ\u00f4mico vai se dar a partir desse uso da tecnologia, sendo mais eficiente na sua aplica\u00e7\u00e3o, no caso da agricultura\u201d, comentou Sergio Sgobbi, diretor de Rela\u00e7\u00f5es Institucionais e Governamentais da  Associa\u00e7\u00e3o das Empresas de Tecnologia da Informa\u00e7\u00e3o e Comunica\u00e7\u00e3o e de Tecnologias Digitais (Brasscom). \u201cEnt\u00e3o, a gente v\u00ea com muito bons olhos essa aprova\u00e7\u00e3o no dia de hoje\u201d, enalteceu o gestor.<\/p>\n<p>A expectativa do agroneg\u00f3cio \u00e9 que o uso de tecnologias de ponta fa\u00e7a com que o ramo ganhe efici\u00eancia. \u201cAtrav\u00e9s do uso de tecnologia, voc\u00ea vai aplicar o fertilizante apenas no local onde \u00e9 necess\u00e1ria a corre\u00e7\u00e3o do solo. Quer dizer, voc\u00ea n\u00e3o desperdi\u00e7a recursos, consequentemente voc\u00ea tem uma maior efici\u00eancia na aplica\u00e7\u00e3o desses recursos. A racionaliza\u00e7\u00e3o de \u00e1gua t\u00e1 nesse mesmo contexto, a aplica\u00e7\u00e3o de defensivo agr\u00edcolas t\u00e1 nesse mesmo contexto\u201d, frisa Sgobbi.<\/p>\n<p>\u201cEsse PL ele n\u00e3o traz nenhuma obriga\u00e7\u00e3o, mas ele traz diretrizes, ele traz os caminhos que o agroneg\u00f3cio pode trilhar para que, atrav\u00e9s do uso de tecnologias digitais, ele possa se desenvolver ainda mais e ganhar mais vantagem ainda do que ele j\u00e1 tem\u201d, completa.<\/p>\n<p>O avan\u00e7o tecnol\u00f3gico traz consigo tamb\u00e9m mudan\u00e7as no mercado de trabalho, mas, para Sgobbi, n\u00e3o vai ser o caso de demiss\u00f5es. \u201cO uso de tecnologia, ele substitui o emprego que \u00e9 mais laboral, bra\u00e7al, por um emprego que \u00e9 mais intelecto. Ent\u00e3o, o que que muda? N\u00e3o \u00e9 a quantidade de emprego, muda a caracter\u00edstica do emprego. \u00c9 isso que muda. E a consequ\u00eancia disso \u00e9 que a gente precisar\u00e1 de profissionais mais habilitados com essa compet\u00eancia\u201d, afirmou o diretor.<\/p>\n<p>O projeto foi apresentado ainda em 2019, tendo origem na C\u00e2mara dos Deputados. Como n\u00e3o sofreu altera\u00e7\u00f5es no texto da casa de origem e tinha car\u00e1ter terminativo, o projeto, que recebeu todos os 10 votos favor\u00e1veis dos senadores presentes na comiss\u00e3o, vai direto para a san\u00e7\u00e3o presidencial, caso n\u00e3o haja recursos para vota\u00e7\u00e3o em plen\u00e1rio. Ap\u00f3s recebida a notifica\u00e7\u00e3o, o Presidente da Rep\u00fablica tem 15 dias \u00fateis para sancionar, vetar parcialmente ou vetar completamente o projeto. Passado esse prazo sem manifesta\u00e7\u00e3o, a norma \u00e9 automaticamente sancionada.<\/p>\n<p>Fonte: Brasil61<\/p>\n<input type=\"hidden\" id=\"baseurl\" value=\"https:\/\/noticiasdestaque.com.br\"><input type=\"hidden\" id=\"audio_nonce\" value=\"9fd43fe80e\">","protected":false},"excerpt":{"rendered":"<p>O Plano de Agricultura e Pecu\u00e1ria de Precis\u00e3o vai ampliar efici\u00eancia do setor no pa\u00eds, preveem especialistas<\/p>\n","protected":false},"author":1,"featured_media":598,"comment_status":"open","ping_status":"open","sticky":false,"template":"","format":"standard","meta":{"fifu_image_url":"https:\/\/d32exhd5j7o0z1.cloudfront.net\/variants\/KsJrWVWSnunG4SPHVvVFpwM3\/b6ddb1640e40bdd68db56d48e7164c4813c0819bad11420b1fe7db253f4a5ce3","fifu_image_alt":"Senado aprova incentivo para uso de tecnologia avan\u00e7ada na agricultura e pecu\u00e1ria","footnotes":""},"categories":[54],"tags":[],"class_list":["post-596","post","type-post","status-publish","format-standard","has-post-thumbnail","hentry","category-tecnologia"],"distributor_meta":false,"distributor_terms":false,"distributor_media":false,"distributor_original_site_name":"Portal de Recupera\u00e7\u00e3o","distributor_original_site_url":"https:\/\/portalderecuperacao.com","push-errors":false,"_links":{"self":[{"href":"https:\/\/noticiasdestaque.com.br\/index.php\/wp-json\/wp\/v2\/posts\/596","targetHints":{"allow":["GET"]}}],"collection":[{"href":"https:\/\/noticiasdestaque.com.br\/index.php\/wp-json\/wp\/v2\/posts"}],"about":[{"href":"https:\/\/noticiasdestaque.com.br\/index.php\/wp-json\/wp\/v2\/types\/post"}],"author":[{"embeddable":true,"href":"https:\/\/noticiasdestaque.com.br\/index.php\/wp-json\/wp\/v2\/users\/1"}],"replies":[{"embeddable":true,"href":"https:\/\/noticiasdestaque.com.br\/index.php\/wp-json\/wp\/v2\/comments?post=596"}],"version-history":[{"count":0,"href":"https:\/\/noticiasdestaque.com.br\/index.php\/wp-json\/wp\/v2\/posts\/596\/revisions"}],"wp:featuredmedia":[{"embeddable":true,"href":"https:\/\/noticiasdestaque.com.br\/index.php\/wp-json\/wp\/v2\/media\/598"}],"wp:attachment":[{"href":"https:\/\/noticiasdestaque.com.br\/index.php\/wp-json\/wp\/v2\/media?parent=596"}],"wp:term":[{"taxonomy":"category","embeddable":true,"href":"https:\/\/noticiasdestaque.com.br\/index.php\/wp-json\/wp\/v2\/categories?post=596"},{"taxonomy":"post_tag","embeddable":true,"href":"https:\/\/noticiasdestaque.com.br\/index.php\/wp-json\/wp\/v2\/tags?post=596"}],"curies":[{"name":"wp","href":"https:\/\/api.w.org\/{rel}","templated":true}]}}