{"id":5949,"date":"2023-03-28T01:49:00","date_gmt":"2023-03-28T01:49:00","guid":{"rendered":"https:\/\/noticiasdestaque.com.br\/index.php\/2023\/03\/28\/mais-de-milhoes-de-brasileiros-ja-tomaram-reforco-com-vacina-bivalente\/"},"modified":"2023-03-28T01:49:00","modified_gmt":"2023-03-28T01:49:00","slug":"mais-de-milhoes-de-brasileiros-ja-tomaram-reforco-com-vacina-bivalente","status":"publish","type":"post","link":"https:\/\/noticiasdestaque.com.br\/index.php\/2023\/03\/28\/mais-de-milhoes-de-brasileiros-ja-tomaram-reforco-com-vacina-bivalente\/","title":{"rendered":"Mais de 6 milh\u00f5es de brasileiros j\u00e1 tomaram refor\u00e7o com vacina bivalente"},"content":{"rendered":"<p>Segundo o \u00faltimo balan\u00e7o do Minist\u00e9rio da Sa\u00fade, mais de 6 milh\u00f5es de brasileiros foram aos postos de sa\u00fade para tomar a dose de refor\u00e7o com as vacinas bivalentes contra a covid-19. O imunizante come\u00e7ou a ser distribu\u00eddo a grupos de risco desde o dia 27 de fevereiro, quando foi lan\u00e7ado o Movimento Nacional de Vacina\u00e7\u00e3o.<\/p>\n<p>Dentre o p\u00fablico corre maior risco de desenvolver formas graves da doen\u00e7a est\u00e3o idosos com mais de 70 anos, pessoas imunocomprometidas, funcion\u00e1rios e pessoas que vivem em institui\u00e7\u00f5es de longa perman\u00eancia, al\u00e9m de ind\u00edgenas, ribeirinhos e quilombolas.<\/p>\n<p>De acordo com a infectologista Larissa Tiberto, al\u00e9m de proteger contra o v\u00edrus original da covid-19, a vacina bivalente tamb\u00e9m garante a prote\u00e7\u00e3o contra a variante \u00d4micron.<\/p>\n<p>\u201cAs vacinas anteriores, foram feitas com base nas primeiras variantes do SARS-CoV-2, que \u00e9 o v\u00edrus da COVID-19. S\u00f3 que esse v\u00edrus foi sofrendo diversas muta\u00e7\u00f5es ao longo do tempo, ent\u00e3o, com a prote\u00e7\u00e3o das primeiras vacinas, ela acaba caindo um pouco. E essa bivalente contempla tamb\u00e9m a variante \u00f4micron. Ela foi modificada para poder proteger tamb\u00e9m contra a variante \u00f4micron\u201d, explica.<\/p>\n<p>A vacina\u00e7\u00e3o tamb\u00e9m avan\u00e7ou entre os povos e comunidades tradicionais, que j\u00e1 receberam quase 69 mil doses e povos ind\u00edgenas, com quase 30 mil.<\/p>\n<p>Agora, grupos priorit\u00e1rios que n\u00e3o estavam contemplados devem ser chamados por estados e munic\u00edpios para receber o refor\u00e7o do imunizante.<\/p>\n<p>No Brasil, duas vacinas bivalentes, ambas produzidas pelo laborat\u00f3rio Pfizer, receberam autoriza\u00e7\u00e3o da Ag\u00eancia Nacional de Vigil\u00e2ncia Sanit\u00e1ria Anvisa para uso emergencial.<\/p>\n<p><strong>Confira abaixo o total de doses aplicadas da vacina bivalente por estado:<\/strong><\/p>\n<p><img decoding=\"async\" alt=\"\" src=\"\/\/s3-sa-east-1.amazonaws.com\/agencia-radio-arb\/5346\/content_doses_vacina.png\" style=\"width: 100%;\"><\/p>\n<p> Fonte: Brasil61<\/p>\n<input type=\"hidden\" id=\"baseurl\" value=\"https:\/\/noticiasdestaque.com.br\"><input type=\"hidden\" id=\"audio_nonce\" value=\"6f73a554f1\">","protected":false},"excerpt":{"rendered":"<p>Imunizantes come\u00e7aram a ser distribu\u00eddos a grupos de riscos em 27 de fevereiro<\/p>\n","protected":false},"author":1,"featured_media":5951,"comment_status":"open","ping_status":"open","sticky":false,"template":"","format":"standard","meta":{"fifu_image_url":"","fifu_image_alt":"","footnotes":""},"categories":[1],"tags":[112],"class_list":["post-5949","post","type-post","status-publish","format-standard","has-post-thumbnail","hentry","category-uncategorized","tag-energreener"],"distributor_meta":false,"distributor_terms":false,"distributor_media":false,"distributor_original_site_name":"Noticias em Destaque","distributor_original_site_url":"https:\/\/noticiasdestaque.com.br","push-errors":false,"_links":{"self":[{"href":"https:\/\/noticiasdestaque.com.br\/index.php\/wp-json\/wp\/v2\/posts\/5949","targetHints":{"allow":["GET"]}}],"collection":[{"href":"https:\/\/noticiasdestaque.com.br\/index.php\/wp-json\/wp\/v2\/posts"}],"about":[{"href":"https:\/\/noticiasdestaque.com.br\/index.php\/wp-json\/wp\/v2\/types\/post"}],"author":[{"embeddable":true,"href":"https:\/\/noticiasdestaque.com.br\/index.php\/wp-json\/wp\/v2\/users\/1"}],"replies":[{"embeddable":true,"href":"https:\/\/noticiasdestaque.com.br\/index.php\/wp-json\/wp\/v2\/comments?post=5949"}],"version-history":[{"count":1,"href":"https:\/\/noticiasdestaque.com.br\/index.php\/wp-json\/wp\/v2\/posts\/5949\/revisions"}],"predecessor-version":[{"id":5950,"href":"https:\/\/noticiasdestaque.com.br\/index.php\/wp-json\/wp\/v2\/posts\/5949\/revisions\/5950"}],"wp:featuredmedia":[{"embeddable":true,"href":"https:\/\/noticiasdestaque.com.br\/index.php\/wp-json\/wp\/v2\/media\/5951"}],"wp:attachment":[{"href":"https:\/\/noticiasdestaque.com.br\/index.php\/wp-json\/wp\/v2\/media?parent=5949"}],"wp:term":[{"taxonomy":"category","embeddable":true,"href":"https:\/\/noticiasdestaque.com.br\/index.php\/wp-json\/wp\/v2\/categories?post=5949"},{"taxonomy":"post_tag","embeddable":true,"href":"https:\/\/noticiasdestaque.com.br\/index.php\/wp-json\/wp\/v2\/tags?post=5949"}],"curies":[{"name":"wp","href":"https:\/\/api.w.org\/{rel}","templated":true}]}}