{"id":5946,"date":"2023-03-28T01:19:00","date_gmt":"2023-03-28T01:19:00","guid":{"rendered":"https:\/\/noticiasdestaque.com.br\/index.php\/2023\/03\/28\/mec-realizara-pesquisa-para-tracar-panorama-da-alfabetizacao-infantil\/"},"modified":"2023-03-28T01:19:00","modified_gmt":"2023-03-28T01:19:00","slug":"mec-realizara-pesquisa-para-tracar-panorama-da-alfabetizacao-infantil","status":"publish","type":"post","link":"https:\/\/noticiasdestaque.com.br\/index.php\/2023\/03\/28\/mec-realizara-pesquisa-para-tracar-panorama-da-alfabetizacao-infantil\/","title":{"rendered":"MEC realizar\u00e1 pesquisa para tra\u00e7ar panorama da alfabetiza\u00e7\u00e3o infantil"},"content":{"rendered":"<p>Na \u00faltima semana, o Minist\u00e9rio da Educa\u00e7\u00e3o anunciou a realiza\u00e7\u00e3o de uma pesquisa nacional que permitir\u00e1 compreender qual \u00e9 o n\u00edvel esperado de alfabetiza\u00e7\u00e3o de uma crian\u00e7a ao final do 2\u00ba ano do ensino fundamental. O estudo ser\u00e1 conduzido pelo Inep e vai ouvir professores alfabetizadores para compreender os conhecimentos e habilidades de uma crian\u00e7a alfabetizada. Com essas informa\u00e7\u00f5es, o objetivo \u00e9 subsidiar, com par\u00e2metros t\u00e9cnicos claros, o planejamento e a execu\u00e7\u00e3o de uma pol\u00edtica nacional de alfabetiza\u00e7\u00e3o. Outro objetivo do MEC \u00e9 entender como essa alfabetiza\u00e7\u00e3o acontece em cada realidade e compatibilizar os padr\u00f5es.<\/p>\n<p>A apresenta\u00e7\u00e3o de como a pesquisa ser\u00e1 feita aconteceu durante o encontro \u201cAlfabetiza Brasil: diretrizes para uma pol\u00edtica nacional de alfabetiza\u00e7\u00e3o\u201d, que acontece no MEC e reuniu autoridades no assunto. Na oportunidade, o ministro da Educa\u00e7\u00e3o, Camilo Santana, ressaltou a respeito da import\u00e2ncia do ensino. \u201cO Brasil \u00e9 um dos pa\u00edses mais desiguais do planeta, e n\u00e3o h\u00e1 outro caminho, a hist\u00f3ria tem mostrado isso, que \u00e9 atrav\u00e9s  da educa\u00e7\u00e3o que se constr\u00f3i bases sociais, de justi\u00e7a social, em qualquer parte do mundo\u201d, destacou. O ministro tamb\u00e9m  enfatizou a import\u00e2ncia da educa\u00e7\u00e3o para  democracia. E  afirmou que a qualidade do  ensino p\u00fablico est\u00e1 entre as metas estabelecidas pelo governo federal para os cem primeiros dias, com reconstru\u00e7\u00e3o de pol\u00edticas p\u00fablicas voltadas \u00e0 educa\u00e7\u00e3o.<\/p>\n<p>Ainda durante a cerim\u00f4nia, o presidente do Inep, Manuel Pal\u00e1cios, contextualizou que existem programas regionais para avaliar o n\u00edvel de alfabetiza\u00e7\u00e3o das crian\u00e7as, e ressaltou a import\u00e2ncia  de um par\u00e2metro que seja nacional. \u201cO que o Inep se prop\u00f5e a fazer com essa pesquisa, al\u00e9m de suprir uma lacuna do pr\u00f3prio Instituto, que at\u00e9 aqui n\u00e3o havia ele pr\u00f3prio estabelecido uma proposta do que seria o desempenho adequado de uma crian\u00e7a alfabetizada,  \u00e9 promover um entendimento entre todas as redes, em especial com os profissionais que atuam na alfabetiza\u00e7\u00e3o sobre como devemos entender esse objetivo, como interpretar esse objetivo t\u00e3o importante\u201d.<\/p>\n<p>Uma das principais metas da educa\u00e7\u00e3o p\u00fablica brasileira \u00e9 assegurar a alfabetiza\u00e7\u00e3o de todas as crian\u00e7as brasileiras ao final  do segundo\u00ba ano do ensino fundamental. Ao todo participar\u00e3o da pesquisa 341 professores alfabetizadores, representantes de secretarias municipais de educa\u00e7\u00e3o de todos os estados brasileiros e tamb\u00e9m do Distrito Federal. A aplica\u00e7\u00e3o  da pesquisa ser\u00e1 concentrada em cinco capitais, uma por regi\u00e3o: Bel\u00e9m (PA), Recife (PE), Bras\u00edlia (DF), S\u00e3o Paulo (SP) e Porto Alegre (RS).<\/p>\n<p> Fonte: Brasil61<\/p>\n<input type=\"hidden\" id=\"baseurl\" value=\"https:\/\/noticiasdestaque.com.br\"><input type=\"hidden\" id=\"audio_nonce\" value=\"6f73a554f1\">","protected":false},"excerpt":{"rendered":"<p>Objetivo da iniciativa, que acontecer\u00e1 em parceria com o Inep, \u00e9 adquirir informa\u00e7\u00f5es para a cria\u00e7\u00e3o de pol\u00edticas educacionais para alfabetiza\u00e7\u00e3o infantil<\/p>\n","protected":false},"author":1,"featured_media":5948,"comment_status":"open","ping_status":"open","sticky":false,"template":"","format":"standard","meta":{"fifu_image_url":"","fifu_image_alt":"","footnotes":""},"categories":[1],"tags":[174],"class_list":["post-5946","post","type-post","status-publish","format-standard","has-post-thumbnail","hentry","category-uncategorized","tag-internacao-para-alcoolatras"],"distributor_meta":false,"distributor_terms":false,"distributor_media":false,"distributor_original_site_name":"Noticias em Destaque","distributor_original_site_url":"https:\/\/noticiasdestaque.com.br","push-errors":false,"_links":{"self":[{"href":"https:\/\/noticiasdestaque.com.br\/index.php\/wp-json\/wp\/v2\/posts\/5946","targetHints":{"allow":["GET"]}}],"collection":[{"href":"https:\/\/noticiasdestaque.com.br\/index.php\/wp-json\/wp\/v2\/posts"}],"about":[{"href":"https:\/\/noticiasdestaque.com.br\/index.php\/wp-json\/wp\/v2\/types\/post"}],"author":[{"embeddable":true,"href":"https:\/\/noticiasdestaque.com.br\/index.php\/wp-json\/wp\/v2\/users\/1"}],"replies":[{"embeddable":true,"href":"https:\/\/noticiasdestaque.com.br\/index.php\/wp-json\/wp\/v2\/comments?post=5946"}],"version-history":[{"count":1,"href":"https:\/\/noticiasdestaque.com.br\/index.php\/wp-json\/wp\/v2\/posts\/5946\/revisions"}],"predecessor-version":[{"id":5947,"href":"https:\/\/noticiasdestaque.com.br\/index.php\/wp-json\/wp\/v2\/posts\/5946\/revisions\/5947"}],"wp:featuredmedia":[{"embeddable":true,"href":"https:\/\/noticiasdestaque.com.br\/index.php\/wp-json\/wp\/v2\/media\/5948"}],"wp:attachment":[{"href":"https:\/\/noticiasdestaque.com.br\/index.php\/wp-json\/wp\/v2\/media?parent=5946"}],"wp:term":[{"taxonomy":"category","embeddable":true,"href":"https:\/\/noticiasdestaque.com.br\/index.php\/wp-json\/wp\/v2\/categories?post=5946"},{"taxonomy":"post_tag","embeddable":true,"href":"https:\/\/noticiasdestaque.com.br\/index.php\/wp-json\/wp\/v2\/tags?post=5946"}],"curies":[{"name":"wp","href":"https:\/\/api.w.org\/{rel}","templated":true}]}}