{"id":5937,"date":"2023-03-26T21:57:00","date_gmt":"2023-03-26T21:57:00","guid":{"rendered":"https:\/\/noticiasdestaque.com.br\/index.php\/2023\/03\/26\/lula-titula-areas-quilombolas-apos-quatro-anos-de-paralisacao\/"},"modified":"2023-03-26T21:57:00","modified_gmt":"2023-03-26T21:57:00","slug":"lula-titula-areas-quilombolas-apos-quatro-anos-de-paralisacao","status":"publish","type":"post","link":"https:\/\/noticiasdestaque.com.br\/index.php\/2023\/03\/26\/lula-titula-areas-quilombolas-apos-quatro-anos-de-paralisacao\/","title":{"rendered":"Lula titula \u00e1reas quilombolas ap\u00f3s quatro anos de paralisa\u00e7\u00e3o\u00a0"},"content":{"rendered":"<style> bloco.meta {font-style: italic; color: #666;font-weight: 600;font-size: .8em; \/* line-height: .3em; *\/}  text h2 { font-weight: 700 !important;  color: #062f46 !important;} text img { width: none; left: none;}<\/style>\n<\/p>\n<p>O presidente Luiz In\u00e1cio Lula da Silva retomou nesta ter\u00e7a-feira (21) a pol\u00edtica de reconhecimento de territ\u00f3rios tradicionais quilombolas, com a assinatura da titula\u00e7\u00e3o de tr\u00eas \u00e1reas, onde vivem 936 fam\u00edlias. A titula\u00e7\u00e3o de \u00e1reas onde vivem descendentes de africanos escravizados durante a coloniza\u00e7\u00e3o portuguesa do pa\u00eds havia sido interrompida deliberadamente no governo do ex-presidente Jair Bolsonaro. A \u00faltima titula\u00e7\u00e3o foi em 2019 no quilombo Paiol de Telha, no Paran\u00e1, por for\u00e7a de uma determina\u00e7\u00e3o judicial.<aimg src=\"https:\/\/aagenciabrasil.ebc.com.br\/ebc.apng?id=1517899\n<\/p>\n<input type=\"hidden\" id=\"baseurl\" value=\"https:\/\/noticiasdestaque.com.br\"><input type=\"hidden\" id=\"audio_nonce\" value=\"6f73a554f1\">","protected":false},"excerpt":{"rendered":"<p>Reconhecimento abrange 936 fam\u00edlias em dois estados<\/p>\n","protected":false},"author":1,"featured_media":5939,"comment_status":"open","ping_status":"open","sticky":false,"template":"","format":"standard","meta":{"fifu_image_url":"","fifu_image_alt":"","footnotes":""},"categories":[1],"tags":[106],"class_list":["post-5937","post","type-post","status-publish","format-standard","has-post-thumbnail","hentry","category-uncategorized","tag-brunna-pareja"],"distributor_meta":false,"distributor_terms":false,"distributor_media":false,"distributor_original_site_name":"Noticias em Destaque","distributor_original_site_url":"https:\/\/noticiasdestaque.com.br","push-errors":false,"_links":{"self":[{"href":"https:\/\/noticiasdestaque.com.br\/index.php\/wp-json\/wp\/v2\/posts\/5937","targetHints":{"allow":["GET"]}}],"collection":[{"href":"https:\/\/noticiasdestaque.com.br\/index.php\/wp-json\/wp\/v2\/posts"}],"about":[{"href":"https:\/\/noticiasdestaque.com.br\/index.php\/wp-json\/wp\/v2\/types\/post"}],"author":[{"embeddable":true,"href":"https:\/\/noticiasdestaque.com.br\/index.php\/wp-json\/wp\/v2\/users\/1"}],"replies":[{"embeddable":true,"href":"https:\/\/noticiasdestaque.com.br\/index.php\/wp-json\/wp\/v2\/comments?post=5937"}],"version-history":[{"count":1,"href":"https:\/\/noticiasdestaque.com.br\/index.php\/wp-json\/wp\/v2\/posts\/5937\/revisions"}],"predecessor-version":[{"id":5938,"href":"https:\/\/noticiasdestaque.com.br\/index.php\/wp-json\/wp\/v2\/posts\/5937\/revisions\/5938"}],"wp:featuredmedia":[{"embeddable":true,"href":"https:\/\/noticiasdestaque.com.br\/index.php\/wp-json\/wp\/v2\/media\/5939"}],"wp:attachment":[{"href":"https:\/\/noticiasdestaque.com.br\/index.php\/wp-json\/wp\/v2\/media?parent=5937"}],"wp:term":[{"taxonomy":"category","embeddable":true,"href":"https:\/\/noticiasdestaque.com.br\/index.php\/wp-json\/wp\/v2\/categories?post=5937"},{"taxonomy":"post_tag","embeddable":true,"href":"https:\/\/noticiasdestaque.com.br\/index.php\/wp-json\/wp\/v2\/tags?post=5937"}],"curies":[{"name":"wp","href":"https:\/\/api.w.org\/{rel}","templated":true}]}}