{"id":5925,"date":"2023-03-26T18:57:00","date_gmt":"2023-03-26T18:57:00","guid":{"rendered":"https:\/\/noticiasdestaque.com.br\/index.php\/2023\/03\/26\/beatriz-ferreira-sobra-na-final-e-fatura-bicampeonato-mundial-de-boxe\/"},"modified":"2023-03-26T18:57:00","modified_gmt":"2023-03-26T18:57:00","slug":"beatriz-ferreira-sobra-na-final-e-fatura-bicampeonato-mundial-de-boxe","status":"publish","type":"post","link":"https:\/\/noticiasdestaque.com.br\/index.php\/2023\/03\/26\/beatriz-ferreira-sobra-na-final-e-fatura-bicampeonato-mundial-de-boxe\/","title":{"rendered":"Beatriz Ferreira sobra na final e fatura bicampeonato mundial de boxe"},"content":{"rendered":"<style> bloco.meta {font-style: italic; color: #666;font-weight: 600;font-size: .8em; \/* line-height: .3em; *\/}  text h2 { font-weight: 700 !important;  color: #062f46 !important;} text img { width: none; left: none;}<\/style>\n<\/p>\n<p>Domingo hist\u00f3rico para o boxe brasileiro: a pugilista baiana Beatriz Ferreira, de 30 anos, faturou pela segunda vez na carreira o t\u00edtulo mundial.  Vice-campe\u00e3 ol\u00edmpica em T\u00f3quio e atual n\u00famero 1 no ranking mundial, a brasileira derrotou hoje (26) na final da categoria at\u00e9 60 quilos a colombiana Angiel Paola Valdez Pana, em decis\u00e3o un\u00e2nime dos \u00e1rbitros, em Nova Delhi (\u00cdndia). Bia Ferreira \u00e9 a primeira pugilista do pa\u00eds a disputar tr\u00eas finais seguidas na competi\u00e7\u00e3o: foi ouro em 2019 e ano passado ficou com a prata.<aimg src=\"https:\/\/aagenciabrasil.ebc.com.br\/ebc.apng?id=1518783\n<\/p>\n<input type=\"hidden\" id=\"baseurl\" value=\"https:\/\/noticiasdestaque.com.br\"><input type=\"hidden\" id=\"audio_nonce\" value=\"6f73a554f1\">","protected":false},"excerpt":{"rendered":"<p>Pugilista \u00e9 a 1\u00aa do pa\u00eds a disputar tr\u00eas finais seguidas na competi\u00e7\u00e3o<\/p>\n","protected":false},"author":1,"featured_media":5927,"comment_status":"open","ping_status":"open","sticky":false,"template":"","format":"standard","meta":{"fifu_image_url":"","fifu_image_alt":"","footnotes":""},"categories":[1],"tags":[105],"class_list":["post-5925","post","type-post","status-publish","format-standard","has-post-thumbnail","hentry","category-uncategorized","tag-thiago-do-delta"],"distributor_meta":false,"distributor_terms":false,"distributor_media":false,"distributor_original_site_name":"Noticias em Destaque","distributor_original_site_url":"https:\/\/noticiasdestaque.com.br","push-errors":false,"_links":{"self":[{"href":"https:\/\/noticiasdestaque.com.br\/index.php\/wp-json\/wp\/v2\/posts\/5925","targetHints":{"allow":["GET"]}}],"collection":[{"href":"https:\/\/noticiasdestaque.com.br\/index.php\/wp-json\/wp\/v2\/posts"}],"about":[{"href":"https:\/\/noticiasdestaque.com.br\/index.php\/wp-json\/wp\/v2\/types\/post"}],"author":[{"embeddable":true,"href":"https:\/\/noticiasdestaque.com.br\/index.php\/wp-json\/wp\/v2\/users\/1"}],"replies":[{"embeddable":true,"href":"https:\/\/noticiasdestaque.com.br\/index.php\/wp-json\/wp\/v2\/comments?post=5925"}],"version-history":[{"count":1,"href":"https:\/\/noticiasdestaque.com.br\/index.php\/wp-json\/wp\/v2\/posts\/5925\/revisions"}],"predecessor-version":[{"id":5926,"href":"https:\/\/noticiasdestaque.com.br\/index.php\/wp-json\/wp\/v2\/posts\/5925\/revisions\/5926"}],"wp:featuredmedia":[{"embeddable":true,"href":"https:\/\/noticiasdestaque.com.br\/index.php\/wp-json\/wp\/v2\/media\/5927"}],"wp:attachment":[{"href":"https:\/\/noticiasdestaque.com.br\/index.php\/wp-json\/wp\/v2\/media?parent=5925"}],"wp:term":[{"taxonomy":"category","embeddable":true,"href":"https:\/\/noticiasdestaque.com.br\/index.php\/wp-json\/wp\/v2\/categories?post=5925"},{"taxonomy":"post_tag","embeddable":true,"href":"https:\/\/noticiasdestaque.com.br\/index.php\/wp-json\/wp\/v2\/tags?post=5925"}],"curies":[{"name":"wp","href":"https:\/\/api.w.org\/{rel}","templated":true}]}}