{"id":5919,"date":"2023-03-26T20:55:00","date_gmt":"2023-03-26T20:55:00","guid":{"rendered":"https:\/\/noticiasdestaque.com.br\/index.php\/2023\/03\/26\/paralisia-facial-causas-e-tratamento\/"},"modified":"2023-03-26T20:55:00","modified_gmt":"2023-03-26T20:55:00","slug":"paralisia-facial-causas-e-tratamento","status":"publish","type":"post","link":"https:\/\/noticiasdestaque.com.br\/index.php\/2023\/03\/26\/paralisia-facial-causas-e-tratamento\/","title":{"rendered":"Paralisia facial: causas e tratamento"},"content":{"rendered":"<p>Voc\u00ea conhece algu\u00e9m que de repente ficou com um lado do rosto paralisado sem conseguir mexer direito? Sabe o que fazer e por qu\u00ea isso acontece? Neste epis\u00f3dio a otorrinolaringologista Mariana Hausen Pinna dar\u00e1 detalhes sobre a paralisia facial.<\/p>\n<p>A paralisia facial perif\u00e9rica acontece por les\u00e3o direta ou inflama\u00e7\u00e3o do nervo facial respons\u00e1vel pela movimenta\u00e7\u00e3o dos m\u00fasculos da face. <\/p>\n<h2>Como funciona a rela\u00e7\u00e3o do c\u00e9rebro e do nervo facial com o m\u00fasculo?<\/h2>\n<p>\u00c9 no c\u00e9rebro que pensamos e a partir dele que vem o comando, como por exemplo, sorrir. Esse comando \u00e9 levado pelos nervos at\u00e9 o m\u00fasculo que est\u00e1 relacionado a esse movimento , o nervo aciona o m\u00fasculo e assim conseguimos realizar o movimento desejado. Se por alguma raz\u00e3o, o nervo n\u00e3o leva esse comando ao m\u00fasculo, ele n\u00e3o vai funcionar, e \u00e9 isso que acontece no caso da paralisia facial.<\/p>\n<p>O nervo facial e seus ramos ligam e comandam todos os m\u00fasculos relacionados \u00e0 express\u00e3o da face. Existe um nervo facial de cada lado do nosso rosto e ele possui v\u00e1rios ramos, como se fossem galhos de uma \u00e1rvore, que comandam os m\u00fasculos da express\u00e3o de todo o rosto. Ele \u00e9 respons\u00e1vel tamb\u00e9m pela p\u00e1lpebra, controlando o movimento de fechar os olhos quando piscamos.<\/p>\n<p><strong>Na paralisia facial perif\u00e9rica, o nervo deixa de realizar esses comandos e a partir da\u00ed aparecem os seguintes sintomas:<\/strong><\/p>\n<ul>\n<li>Diminui\u00e7\u00e3o da movimenta\u00e7\u00e3o de metade do rosto. O lado afetado fica com menos rugas, n\u00e3o \u00e9 poss\u00edvel franzir a testa de um dos lados;<\/li>\n<li>A boca torta. Se voc\u00ea teve paralisia do lado esquerdo do rosto, a boca fica torta do lado direito;<\/li>\n<li>H\u00e1 dificuldade de fechar o olho do lado afetado. A pisca\u00e7\u00e3o diminuiu e isso prejudica a lubrifica\u00e7\u00e3o do olho;<\/li>\n<li>Em alguns casos o paciente pode ter lacrimejamento e gosto met\u00e1lico na boca;<\/li>\n<li>Pode afetar ambos os lados, mas normalmente s\u00f3 um lado \u00e9 afetado.<\/li>\n<\/ul>\n<p>Tudo isso ocorre de maneira s\u00fabita, de uma hora para a outra esses sintomas aparecem.<\/p>\n<p>Uma outra informa\u00e7\u00e3o importante a ser avaliada, \u00e9 se a paralisia acontece na parte de cima do rosto, ou seja, se a pessoa n\u00e3o consegue mexer a testa. Isso \u00e9 importante para diferenciar a paralisia central (que na maioria das vezes n\u00e3o afeta a parte de cima do rosto), da paralisia perif\u00e9rica que atinge toda a metade do rosto. <\/p>\n<p>Se isso estiver acontecendo com voc\u00ea, busque ajuda em um pronto-socorro para avalia\u00e7\u00e3o da situa\u00e7\u00e3o.<\/p>\n<h2>Causas<\/h2>\n<p><strong>As causas da paralisia facial s\u00e3o:<\/strong><\/p>\n<ul>\n<li><strong>Idiop\u00e1ticas<\/strong>. A paralisia idiop\u00e1tica ou paralisia de Bell, n\u00e3o tem causa completamente definida, h\u00e1 evid\u00eancias de envolvimento do v\u00edrus de herpes simples, vasculares e autoimunes. \u00c9 comum que essa paralisia piore nos cinco primeiros dias de sintomas e pode haver dor no ouvido ou atr\u00e1s dele.<\/li>\n<li><strong>Traum\u00e1ticas<\/strong>. Causadas normalmente por fraturas no osso que fica localizada atr\u00e1s da orelha, podem acontecer tamb\u00e9m por les\u00f5es causadas por arma de fogo, les\u00f5es durante o parto ou em cirurgias de ouvido. Na grande maioria das vezes, esse tipo de paralisia traum\u00e1tica, precisa ser tratada por meio de cirurgias<\/li>\n<li><strong>Infecciosas<\/strong>. Podem ter causas virais como caxumba, mononucleose, herpes do tipo 1 ou bacterianas secund\u00e1rias como a tuberculose e a s\u00edfilis. <\/li>\n<li><strong>Tumorais<\/strong>. Podem ser por tumores do pr\u00f3prio nervos facial ou por outros tumores do sistema nervoso central.<\/li>\n<li><strong>Cong\u00eanitas.<\/strong><\/li>\n<\/ul>\n<p>Em todas as causas de paralisia facial \u00e9 importante come\u00e7ar o tratamento o quanto antes, para diminuir as chances de sequelas. Vale saber que, em muitos casos, a recupera\u00e7\u00e3o \u00e9 completa, mas em outros pode haver melhora com alguma assimetria da face mantido ap\u00f3s a recupera\u00e7\u00e3o.<\/p>\n<h2>Diagn\u00f3stico<\/h2>\n<p>Um dos pontos mais importantes \u00e9 diferenciar a paralisia perif\u00e9rica facial de um AVC, popularmente conhecido por derrame. No AVC a pessoa tamb\u00e9m pode ficar com a boca mais torta para um dos lados, e com isso, confundir o diagn\u00f3stico. Outras caracter\u00edsticas que s\u00e3o comuns no AVC que podem ajudar a diferenciar \u00e9 que a dificuldade na movimenta\u00e7\u00e3o n\u00e3o fica restrita ao rosto, como na paralisia facial perif\u00e9rica. Quando ocorre o derrame, \u00e9 comum que a pessoa n\u00e3o consiga mexer bra\u00e7o e perna de um dos lados, pode ter dificuldade para falar, confus\u00e3o mental, dentre outros. E isso n\u00e3o ocorre na paralisia facial.<\/p>\n<p>O diagn\u00f3stico \u00e9 cl\u00ednico, baseado na hist\u00f3ria e exame f\u00edsico detalhados. Em alguns casos pode ser indicado a audiometria (exame mais utilizado para avalia\u00e7\u00e3o b\u00e1sica da audi\u00e7\u00e3o), eletroneuromiografia (exame neurofisiol\u00f3gico utilizado no diagn\u00f3stico de les\u00f5es no sistema nervoso perif\u00e9rico) e a resson\u00e2ncia magn\u00e9tica.<\/p>\n<h2>Tratamento<\/h2>\n<p>Na grande maioria dos casos, no tratamento \u00e9 utilizado corticoide via oral e antivirais. A fisioterapia motora sem o uso de choques tamb\u00e9m ajuda na melhora. Em outros casos como tumores e traumas direto ao nervo, o tratamento precisa ser cir\u00fargico. \u00c9 sempre muito importante a lubrifica\u00e7\u00e3o do olho do lado atingido, para evitar les\u00f5es de c\u00f3rnea. <\/p>\n<p>Se voc\u00ea ou algum conhecido, apresentar sintomas de paralisia facial perif\u00e9rica, n\u00e3o deixe de procurar o m\u00e9dico, de prefer\u00eancia um otorrinolaringologista. <\/p>\n<p>Para saber mais detalhes sobre o assunto, assista ao v\u00eddeo no canal Dr. Ajuda no Youtube.<br \/>\n<iframe loading=\"lazy\" allow=\"accelerometer; autoplay; clipboard-write; encrypted-media; gyroscope; picture-in-picture; web-share\" allowfullscreen=\"\" frameborder=\"0\" height=\"450\" scrolling=\"no\" src=\"https:\/\/www.youtube.com\/embed\/NDvb7iUNuL8\" title=\"PARALISIA FACIAL: O QUE \u00c9, SINTOMAS, DIAGN\u00d3STICO, CAUSAS E TRATAMENTO\" width=\"770\"><\/iframe><\/p>\n<p> Fonte: Brasil61<\/p>\n<input type=\"hidden\" id=\"baseurl\" value=\"https:\/\/noticiasdestaque.com.br\"><input type=\"hidden\" id=\"audio_nonce\" value=\"6f73a554f1\">","protected":false},"excerpt":{"rendered":"<p>Neste epis\u00f3dio a otorrinolaringologista Mariana Hausen Pinna dar\u00e1 detalhes sobre a paralisia facial.<\/p>\n","protected":false},"author":1,"featured_media":5921,"comment_status":"open","ping_status":"open","sticky":false,"template":"","format":"standard","meta":{"fifu_image_url":"","fifu_image_alt":"","footnotes":""},"categories":[1],"tags":[112],"class_list":["post-5919","post","type-post","status-publish","format-standard","has-post-thumbnail","hentry","category-uncategorized","tag-energreener"],"distributor_meta":false,"distributor_terms":false,"distributor_media":false,"distributor_original_site_name":"Noticias em Destaque","distributor_original_site_url":"https:\/\/noticiasdestaque.com.br","push-errors":false,"_links":{"self":[{"href":"https:\/\/noticiasdestaque.com.br\/index.php\/wp-json\/wp\/v2\/posts\/5919","targetHints":{"allow":["GET"]}}],"collection":[{"href":"https:\/\/noticiasdestaque.com.br\/index.php\/wp-json\/wp\/v2\/posts"}],"about":[{"href":"https:\/\/noticiasdestaque.com.br\/index.php\/wp-json\/wp\/v2\/types\/post"}],"author":[{"embeddable":true,"href":"https:\/\/noticiasdestaque.com.br\/index.php\/wp-json\/wp\/v2\/users\/1"}],"replies":[{"embeddable":true,"href":"https:\/\/noticiasdestaque.com.br\/index.php\/wp-json\/wp\/v2\/comments?post=5919"}],"version-history":[{"count":1,"href":"https:\/\/noticiasdestaque.com.br\/index.php\/wp-json\/wp\/v2\/posts\/5919\/revisions"}],"predecessor-version":[{"id":5920,"href":"https:\/\/noticiasdestaque.com.br\/index.php\/wp-json\/wp\/v2\/posts\/5919\/revisions\/5920"}],"wp:featuredmedia":[{"embeddable":true,"href":"https:\/\/noticiasdestaque.com.br\/index.php\/wp-json\/wp\/v2\/media\/5921"}],"wp:attachment":[{"href":"https:\/\/noticiasdestaque.com.br\/index.php\/wp-json\/wp\/v2\/media?parent=5919"}],"wp:term":[{"taxonomy":"category","embeddable":true,"href":"https:\/\/noticiasdestaque.com.br\/index.php\/wp-json\/wp\/v2\/categories?post=5919"},{"taxonomy":"post_tag","embeddable":true,"href":"https:\/\/noticiasdestaque.com.br\/index.php\/wp-json\/wp\/v2\/tags?post=5919"}],"curies":[{"name":"wp","href":"https:\/\/api.w.org\/{rel}","templated":true}]}}