{"id":5916,"date":"2023-03-26T20:25:00","date_gmt":"2023-03-26T20:25:00","guid":{"rendered":"https:\/\/noticiasdestaque.com.br\/index.php\/2023\/03\/26\/entidades-do-agro-pedem-revisao-do-protocolo-sanitario-apos-china-retomar-compra-de-carne\/"},"modified":"2023-03-26T20:25:00","modified_gmt":"2023-03-26T20:25:00","slug":"entidades-do-agro-pedem-revisao-do-protocolo-sanitario-apos-china-retomar-compra-de-carne","status":"publish","type":"post","link":"https:\/\/noticiasdestaque.com.br\/index.php\/2023\/03\/26\/entidades-do-agro-pedem-revisao-do-protocolo-sanitario-apos-china-retomar-compra-de-carne\/","title":{"rendered":"Entidades do agro pedem revis\u00e3o do protocolo sanit\u00e1rio, ap\u00f3s China retomar compra de carne"},"content":{"rendered":"<p>A China \u00e9 o principal destino da carne bovina brasileira, sendo respons\u00e1vel por 60% do total dos embarques para o exterior. O pa\u00eds asi\u00e1tico estava sem comprar a prote\u00edna brasileira desde 22 de fevereiro, quando um caso at\u00edpico de mal da vaca louca foi detectado em uma pequena propriedade no munic\u00edpio de Marab\u00e1, no Par\u00e1. Com o caso de &#8220;mal da vaca louca&#8221;, o Brasil determinou o autoembargo dos envios para o mercado chin\u00eas, conforme rege acordo comercial entre os dois pa\u00edses. <\/p>\n<p>E ap\u00f3s reuni\u00e3o com a delega\u00e7\u00e3o brasileira, em Pequim, o governo chin\u00eas decidiu levantar o embargo \u00e0 carne bovina brasileira. A volta das exporta\u00e7\u00f5es da prote\u00edna para a China foi anunciada pelo ministro da Agricultura e Pecu\u00e1ria, Carlos F\u00e1varo, diretamente do pa\u00eds chin\u00eas, onde se encontra com comitiva formada por mais de 100 empres\u00e1rios do setor agropecu\u00e1rio. De acordo com ele, a decis\u00e3o foi confirmada por autoridades sanit\u00e1rias do pa\u00eds asi\u00e1tico.<\/p>\n<p>\u201cIsso era esperado h\u00e1 alguns dias\u201d, disse F\u00e1varo. \u201cQuero agradecer os pecuaristas brasileiros, que confiam no nosso sistema. Isso nos d\u00e1 credibilidade no mercado internacional\u201d, complementou o ministro. O titular do Mapa tamb\u00e9m agradeceu o governo da China,  o presidente Lula, o corpo t\u00e9cnico da pasta e o governo do Par\u00e1, que, segundo ele, foi r\u00e1pido e claro em comunicar o caso &#8220;de mal da vaca louca&#8221;.<\/p>\n<p>A retomada das exporta\u00e7\u00f5es da carne bovina para a China j\u00e1 era aguardada pelo mercado. A expectativa, ali\u00e1s, era de que o embargo fosse derrubado somente no dia 28 mar\u00e7o. \u201cA exporta\u00e7\u00e3o para a China \u00e9 muito relevante para o Brasil, \u00e9 algo em torno de US$ 8 bilh\u00f5es por ano\u201d, pontuou o ministro do Mapa. A suspens\u00e3o das compras de carne bovina brasileira pela China durou exatamente um m\u00eas. Per\u00edodo que pode ser considerado o bastante para refletir no desempenho das exporta\u00e7\u00f5es do produto.<\/p>\n<p><strong><a href=\"https:\/\/brasil61.com\/n\/exportacoes-de-produtos-do-agronegocio-registram-us-9-9-bilhoes-em-fevereiro-bras238004\">Exporta\u00e7\u00f5es de produtos do agroneg\u00f3cio registram US$ 9,9 bilh\u00f5es em fevereiro<\/a><\/strong><\/p>\n<p>Francisco Olavo de Castro, presidente da Comiss\u00e3o Nacional de Bovinocultura de Corte da Confedera\u00e7\u00e3o da Agricultura e Pecu\u00e1ria do Brasil (CNA), afirma que com a retomada das exporta\u00e7\u00f5es, a China deve voltar a comprar grandes volumes de carne bovina brasileira. Segundo ele, o Brasil \u00e9 a melhor alternativa de fornecimento de carne bovina em escala global. \u201cA China deve concentrar as compras aqui no mercado brasileiro  e deve manter um bom ritmo de importa\u00e7\u00e3o. O Brasil vai tranquilamente manter a lideran\u00e7a global das exporta\u00e7\u00f5es de carne bovina. Com muita tranquilidade\u201d.<\/p>\n<p>O analista da Safras <\/p>\n<input type=\"hidden\" id=\"baseurl\" value=\"https:\/\/noticiasdestaque.com.br\"><input type=\"hidden\" id=\"audio_nonce\" value=\"6f73a554f1\">","protected":false},"excerpt":{"rendered":"<p>Importa\u00e7\u00f5es estavam suspensas desde fevereiro, ap\u00f3s a confirma\u00e7\u00e3o de um caso at\u00edpico de &#8220;mal da vaca louca\u201d<\/p>\n","protected":false},"author":1,"featured_media":5918,"comment_status":"open","ping_status":"open","sticky":false,"template":"","format":"standard","meta":{"fifu_image_url":"","fifu_image_alt":"","footnotes":""},"categories":[1],"tags":[107],"class_list":["post-5916","post","type-post","status-publish","format-standard","has-post-thumbnail","hentry","category-uncategorized","tag-closer-vendedor-milionario"],"distributor_meta":false,"distributor_terms":false,"distributor_media":false,"distributor_original_site_name":"Noticias em Destaque","distributor_original_site_url":"https:\/\/noticiasdestaque.com.br","push-errors":false,"_links":{"self":[{"href":"https:\/\/noticiasdestaque.com.br\/index.php\/wp-json\/wp\/v2\/posts\/5916","targetHints":{"allow":["GET"]}}],"collection":[{"href":"https:\/\/noticiasdestaque.com.br\/index.php\/wp-json\/wp\/v2\/posts"}],"about":[{"href":"https:\/\/noticiasdestaque.com.br\/index.php\/wp-json\/wp\/v2\/types\/post"}],"author":[{"embeddable":true,"href":"https:\/\/noticiasdestaque.com.br\/index.php\/wp-json\/wp\/v2\/users\/1"}],"replies":[{"embeddable":true,"href":"https:\/\/noticiasdestaque.com.br\/index.php\/wp-json\/wp\/v2\/comments?post=5916"}],"version-history":[{"count":1,"href":"https:\/\/noticiasdestaque.com.br\/index.php\/wp-json\/wp\/v2\/posts\/5916\/revisions"}],"predecessor-version":[{"id":5917,"href":"https:\/\/noticiasdestaque.com.br\/index.php\/wp-json\/wp\/v2\/posts\/5916\/revisions\/5917"}],"wp:featuredmedia":[{"embeddable":true,"href":"https:\/\/noticiasdestaque.com.br\/index.php\/wp-json\/wp\/v2\/media\/5918"}],"wp:attachment":[{"href":"https:\/\/noticiasdestaque.com.br\/index.php\/wp-json\/wp\/v2\/media?parent=5916"}],"wp:term":[{"taxonomy":"category","embeddable":true,"href":"https:\/\/noticiasdestaque.com.br\/index.php\/wp-json\/wp\/v2\/categories?post=5916"},{"taxonomy":"post_tag","embeddable":true,"href":"https:\/\/noticiasdestaque.com.br\/index.php\/wp-json\/wp\/v2\/tags?post=5916"}],"curies":[{"name":"wp","href":"https:\/\/api.w.org\/{rel}","templated":true}]}}