{"id":5910,"date":"2023-03-26T19:25:00","date_gmt":"2023-03-26T19:25:00","guid":{"rendered":"https:\/\/noticiasdestaque.com.br\/index.php\/2023\/03\/26\/teste-molecular-para-deteccao-de-hpv-vai-ser-incluido-no-sus-objetivo-e-prevenir-cancer-de-colo-de-utero\/"},"modified":"2023-03-26T19:25:00","modified_gmt":"2023-03-26T19:25:00","slug":"teste-molecular-para-deteccao-de-hpv-vai-ser-incluido-no-sus-objetivo-e-prevenir-cancer-de-colo-de-utero","status":"publish","type":"post","link":"https:\/\/noticiasdestaque.com.br\/index.php\/2023\/03\/26\/teste-molecular-para-deteccao-de-hpv-vai-ser-incluido-no-sus-objetivo-e-prevenir-cancer-de-colo-de-utero\/","title":{"rendered":"Teste molecular para detec\u00e7\u00e3o de HPV vai ser inclu\u00eddo no SUS; objetivo \u00e9 prevenir c\u00e2ncer de colo de \u00fatero"},"content":{"rendered":"<p>Nesta semana foi lan\u00e7ada pelo Minist\u00e9rio da Sa\u00fade a estrat\u00e9gia nacional para preven\u00e7\u00e3o e elimina\u00e7\u00e3o do c\u00e2ncer do colo do \u00fatero. O projeto piloto ser\u00e1 realizado em Recife, onde aconteceu a cerim\u00f4nia de lan\u00e7amento. O objetivo \u00e9 controlar e eliminar o c\u00e2ncer de colo de \u00fatero, tamb\u00e9m conhecido como c\u00e2ncer cervical. Participaram da cerim\u00f4nia na capital pernambucana o presidente Luiz In\u00e1cio Lula da Silva e a ministra da Sa\u00fade N\u00edsia Trindade.<\/p>\n<p>As principais estrat\u00e9gias consistem na preven\u00e7\u00e3o da doen\u00e7a via vacina\u00e7\u00e3o &#8211; algo que j\u00e1 faz parte no calend\u00e1rio de imuniza\u00e7\u00e3o de adolescentes entre 9 e 14 anos e pessoas imunossuprimidas &#8211; e na inclus\u00e3o do teste molecular para detec\u00e7\u00e3o do HPV, v\u00edrus sexualmente transmiss\u00edvel causador da doen\u00e7a, no Sistema \u00danico de Sa\u00fade (SUS). Al\u00e9m disso, o Minist\u00e9rio da Sa\u00fade refor\u00e7a a import\u00e2ncia do uso de preservativo como uma das formas mais eficazes de preven\u00e7\u00e3o.<\/p>\n<p>A ginecologista e especialista em fertilidade Tatianna Ribeiro explica como funciona o teste. \u201cAs t\u00e9cnicas moleculares t\u00eam sido muito utilizadas no diagn\u00f3stico do HPV, apresentando uma boa sensibilidade e especificidade. Dentre estas t\u00e9cnicas mais comuns est\u00e3o o Painel de Hibridiza\u00e7\u00e3o in situ, que possui a capacidade de localizar o DNA viral no tecido, a Rea\u00e7\u00e3o em Cadeia da Polimerase (PCR) capaz de determinar carga viral e estado f\u00edsico do v\u00edrus, e a Captura H\u00edbrida, considerada padr\u00e3o ouro, que detecta tipos espec\u00edficos do v\u00edrus e tamb\u00e9m determina sua carga viral\u201d, explica a especialista.<\/p>\n<p>Ribeiro tamb\u00e9m alerta que o exame de Papanicolau permite ver altera\u00e7\u00f5es celulares que podem surgir diante da infec\u00e7\u00e3o pelo v\u00edrus, mas n\u00e3o permite diagnosticar o v\u00edrus HPV. Por isso as t\u00e9cnicas moleculares s\u00e3o necess\u00e1rias. <\/p>\n<p>A sex\u00f3loga Gabriela Vilhena, de 26 anos, teve diagn\u00f3stico de HPV ao observar algumas les\u00f5es na regi\u00e3o do per\u00edneo. Por saber que j\u00e1 havia tido contato com o v\u00edrus por meio de um parceiro, foi ao m\u00e9dico e teve o diagn\u00f3stico. Ela comenta os cuidados que tem de tomar desde ent\u00e3o: \u201cNo meu caso, eu tenho um tipo de HPV que \u00e9 externo, ent\u00e3o \u00e9 mais tranquilo de cuidar. Preciso tomar sempre cuidado com a alimenta\u00e7\u00e3o, manter um estilo de vida mais saud\u00e1vel. N\u00e3o posso me descuidar completamente da sa\u00fade para n\u00e3o ter perigo de aparecer novas les\u00f5es\u201d<\/p>\n<p>Causado pelo v\u00edrus do HPV, o c\u00e2ncer de colo de \u00fatero \u00e9 o quarto tipo mais comum entre a popula\u00e7\u00e3o feminina, com 17 mil casos registrados em 2023. Pelo menos 6 mil brasileiras morrem anualmente por causa da doen\u00e7a. Retomar as altas coberturas vacinais no pa\u00eds para todos  os imunizantes que comp\u00f5e o Calend\u00e1rio Nacional de Vacina\u00e7\u00e3o \u00e9 prioridade do Minist\u00e9rio da Sa\u00fade. Atualmente, a meta \u00e9 vacinar 90% do p\u00fablico-alvo. Em 2022, por\u00e9m, apenas 75% foi imunizado.<\/p>\n<p>Inicialmente est\u00e1 previsto um investimento de R$ 18 milh\u00f5es na expans\u00e3o do projeto piloto de Recife para o estado de Pernambuco. Em um segundo momento a iniciativa ser\u00e1 ampliada para todo o Brasil. <\/p>\n<p> Fonte: Brasil61<\/p>\n<input type=\"hidden\" id=\"baseurl\" value=\"https:\/\/noticiasdestaque.com.br\"><input type=\"hidden\" id=\"audio_nonce\" value=\"6f73a554f1\">","protected":false},"excerpt":{"rendered":"<p>A\u00e7\u00e3o faz parte da estrat\u00e9gia do Minist\u00e9rio da Sa\u00fade para preven\u00e7\u00e3o e elimina\u00e7\u00e3o do c\u00e2ncer do colo do \u00fatero. O projeto piloto est\u00e1 acontecendo em Recife e foi lan\u00e7ado nesta semana<\/p>\n","protected":false},"author":1,"featured_media":5912,"comment_status":"open","ping_status":"open","sticky":false,"template":"","format":"standard","meta":{"fifu_image_url":"","fifu_image_alt":"","footnotes":""},"categories":[1],"tags":[112],"class_list":["post-5910","post","type-post","status-publish","format-standard","has-post-thumbnail","hentry","category-uncategorized","tag-energreener"],"distributor_meta":false,"distributor_terms":false,"distributor_media":false,"distributor_original_site_name":"Noticias em Destaque","distributor_original_site_url":"https:\/\/noticiasdestaque.com.br","push-errors":false,"_links":{"self":[{"href":"https:\/\/noticiasdestaque.com.br\/index.php\/wp-json\/wp\/v2\/posts\/5910","targetHints":{"allow":["GET"]}}],"collection":[{"href":"https:\/\/noticiasdestaque.com.br\/index.php\/wp-json\/wp\/v2\/posts"}],"about":[{"href":"https:\/\/noticiasdestaque.com.br\/index.php\/wp-json\/wp\/v2\/types\/post"}],"author":[{"embeddable":true,"href":"https:\/\/noticiasdestaque.com.br\/index.php\/wp-json\/wp\/v2\/users\/1"}],"replies":[{"embeddable":true,"href":"https:\/\/noticiasdestaque.com.br\/index.php\/wp-json\/wp\/v2\/comments?post=5910"}],"version-history":[{"count":1,"href":"https:\/\/noticiasdestaque.com.br\/index.php\/wp-json\/wp\/v2\/posts\/5910\/revisions"}],"predecessor-version":[{"id":5911,"href":"https:\/\/noticiasdestaque.com.br\/index.php\/wp-json\/wp\/v2\/posts\/5910\/revisions\/5911"}],"wp:featuredmedia":[{"embeddable":true,"href":"https:\/\/noticiasdestaque.com.br\/index.php\/wp-json\/wp\/v2\/media\/5912"}],"wp:attachment":[{"href":"https:\/\/noticiasdestaque.com.br\/index.php\/wp-json\/wp\/v2\/media?parent=5910"}],"wp:term":[{"taxonomy":"category","embeddable":true,"href":"https:\/\/noticiasdestaque.com.br\/index.php\/wp-json\/wp\/v2\/categories?post=5910"},{"taxonomy":"post_tag","embeddable":true,"href":"https:\/\/noticiasdestaque.com.br\/index.php\/wp-json\/wp\/v2\/tags?post=5910"}],"curies":[{"name":"wp","href":"https:\/\/api.w.org\/{rel}","templated":true}]}}