{"id":5907,"date":"2023-03-26T18:55:00","date_gmt":"2023-03-26T18:55:00","guid":{"rendered":"https:\/\/noticiasdestaque.com.br\/index.php\/2023\/03\/26\/anvisa-recomenda-intensificacao-de-acoes-contra-doencas-transmitidas-por-mosquitos\/"},"modified":"2023-03-26T18:55:00","modified_gmt":"2023-03-26T18:55:00","slug":"anvisa-recomenda-intensificacao-de-acoes-contra-doencas-transmitidas-por-mosquitos","status":"publish","type":"post","link":"https:\/\/noticiasdestaque.com.br\/index.php\/2023\/03\/26\/anvisa-recomenda-intensificacao-de-acoes-contra-doencas-transmitidas-por-mosquitos\/","title":{"rendered":"Anvisa recomenda intensifica\u00e7\u00e3o de a\u00e7\u00f5es contra doen\u00e7as transmitidas por mosquitos"},"content":{"rendered":"<p>Com o objetivo de refor\u00e7ar as a\u00e7\u00f5es de preven\u00e7\u00e3o e controle de doen\u00e7as transmitidas pelo mosquito <em>Aedes aegypti<\/em>, como a dengue e a <em>chikungunya<\/em>, a Anvisa divulgou no dia 22 deste m\u00eas, a Nota T\u00e9cnica 12\/2023 que recomenda a intensifica\u00e7\u00e3o de medidas para a redu\u00e7\u00e3o de criadouros de mosquitos e controle de vetores adultos em portos, aeroportos e \u00e1reas de fronteiras.<\/p>\n<p>A nota diz que segundo o Regulamento Sanit\u00e1rio Internacional (2005) \u00e9 preciso haver uma zona livre de vetores nos portos mar\u00edtimos, aeroportos e cruzamentos terrestres e dentro de um per\u00edmetro de 400 metros em torno desses pontos de entrada.<\/p>\n<p>A finalidade \u00e9 manter o status de livre de mosquitos transmissores por meio de vigil\u00e2ncia ativa regular e controle de vetores para que o risco de transmiss\u00e3o de pat\u00f3genos importados com vetores\/reservat\u00f3rios possa ser anulado ou minimizado. <\/p>\n<h2>Recomenda\u00e7\u00f5es da Anvisa:  <\/h2>\n<ul>\n<li>Revisar protocolos e procedimentos relativos a doen\u00e7as transmitidas por vetores nos planos de conting\u00eancia dos pontos de entrada;<\/li>\n<li>Avaliar a regularidade dos planos integrados de controle de vetores dos portos e aeroportos;  <\/li>\n<li>Verificar os \u00edndices de infesta\u00e7\u00e3o de vetores, estabelecendo medidas de controle, caso seja necess\u00e1rio;<\/li>\n<li>Verificar a regula\u00e7\u00e3o das empresas que realizam as a\u00e7\u00f5es de controle de vetores e dos produtos utilizados;<\/li>\n<li>Revisar, junto aos servi\u00e7os m\u00e9dicos instalados nos portos e aeroportos, a defini\u00e7\u00e3o de caso das doen\u00e7as.<\/li>\n<\/ul>\n<h2>Transmiss\u00e3o<\/h2>\n<p>Chris Gallafrio, infectologista, explica que a transmiss\u00e3o do v\u00edrus se d\u00e1 pela picada do mosquito do<em> Aedes aegypti<\/em>. \u201cA picada se d\u00e1 quando esse mosquito pica algu\u00e9m doente e adquire o v\u00edrus e a\u00ed transporta esse v\u00edrus quando ele pica outra pessoa, ent\u00e3o esse v\u00edrus \u00e9 inoculado nessa outra pessoa\u201d, completa.<\/p>\n<h2>Sintomas<\/h2>\n<p>Sara Oliveira, assistente de pesquisa do InfoDengue, informa que os sintomas mais comuns da dengue s\u00e3o:<\/p>\n<ul>\n<li>Febre alta, acima de 38,6\u00b0C;<\/li>\n<li>Dores musculares bem fortes;<\/li>\n<li>Dor ao movimentar os olhos; <\/li>\n<li>Dor de cabe\u00e7a; <\/li>\n<li>Falta de apetite; <\/li>\n<li>Mal-estar geral;<\/li>\n<li>Manchas avermelhadas pelo corpo.<\/li>\n<\/ul>\n<p>Suzy Azevedo, aposentada de 56 anos, conta que ap\u00f3s sentir muita dor no corpo, febre e dor de cabe\u00e7a, decidiu fazer um exame para verificar o que estava acontecendo. \u201cDepois que  fiz o teste e deu positivo, os sintomas se acentuaram. A febre persistiu por dias, dor de cabe\u00e7a, dor nos olhos, falta de apetite, muita fraqueza, uma fraqueza assim sem medida\u201d, conta. <\/p>\n<p>A aposentada diz que precisou fazer todo o tratamento por rede de sa\u00fade particular, pois n\u00e3o conseguia atendimento em hospitais p\u00fablicos. \u201cDevido a queda das minhas plaquetas, eu fazia o exame de sangue todos os dias para controle e muita hidrata\u00e7\u00e3o venosa. Todo o meu tratamento foi feito na rede particular porque na rede p\u00fablica era imposs\u00edvel conseguir. S\u00f3 consegui uma vez uma hidrata\u00e7\u00e3o\u201d.<\/p>\n<h2>Aumento dos casos<\/h2>\n<p>Segundo a Organiza\u00e7\u00e3o Pan-Americana da Sa\u00fade (Opas), h\u00e1 registro do aumento de casos e mortes por dengue e chikungunya na regi\u00e3o das Am\u00e9ricas. Neste m\u00eas de mar\u00e7o, a Opas reiterou aos estados-membros que intensifiquem as a\u00e7\u00f5es de prepara\u00e7\u00e3o dos servi\u00e7os de sa\u00fade, incluindo o diagn\u00f3stico e o manejo adequado dos casos. E que fortale\u00e7am as medidas de preven\u00e7\u00e3o e controle vetorial para reduzir o impacto destas e de outras doen\u00e7as transmitidas por mosquitos.  \n <\/p>\n<p> Fonte: Brasil61<\/p>\n<input type=\"hidden\" id=\"baseurl\" value=\"https:\/\/noticiasdestaque.com.br\"><input type=\"hidden\" id=\"audio_nonce\" value=\"6f73a554f1\">","protected":false},"excerpt":{"rendered":"<p>Segundo a Organiza\u00e7\u00e3o Pan-Americana de Sa\u00fade, h\u00e1 registro de aumento de casos de mortes por dengue e chikungunya, nas Am\u00e9ricas<\/p>\n","protected":false},"author":1,"featured_media":5909,"comment_status":"open","ping_status":"open","sticky":false,"template":"","format":"standard","meta":{"fifu_image_url":"","fifu_image_alt":"","footnotes":""},"categories":[1],"tags":[112],"class_list":["post-5907","post","type-post","status-publish","format-standard","has-post-thumbnail","hentry","category-uncategorized","tag-energreener"],"distributor_meta":false,"distributor_terms":false,"distributor_media":false,"distributor_original_site_name":"Noticias em Destaque","distributor_original_site_url":"https:\/\/noticiasdestaque.com.br","push-errors":false,"_links":{"self":[{"href":"https:\/\/noticiasdestaque.com.br\/index.php\/wp-json\/wp\/v2\/posts\/5907","targetHints":{"allow":["GET"]}}],"collection":[{"href":"https:\/\/noticiasdestaque.com.br\/index.php\/wp-json\/wp\/v2\/posts"}],"about":[{"href":"https:\/\/noticiasdestaque.com.br\/index.php\/wp-json\/wp\/v2\/types\/post"}],"author":[{"embeddable":true,"href":"https:\/\/noticiasdestaque.com.br\/index.php\/wp-json\/wp\/v2\/users\/1"}],"replies":[{"embeddable":true,"href":"https:\/\/noticiasdestaque.com.br\/index.php\/wp-json\/wp\/v2\/comments?post=5907"}],"version-history":[{"count":1,"href":"https:\/\/noticiasdestaque.com.br\/index.php\/wp-json\/wp\/v2\/posts\/5907\/revisions"}],"predecessor-version":[{"id":5908,"href":"https:\/\/noticiasdestaque.com.br\/index.php\/wp-json\/wp\/v2\/posts\/5907\/revisions\/5908"}],"wp:featuredmedia":[{"embeddable":true,"href":"https:\/\/noticiasdestaque.com.br\/index.php\/wp-json\/wp\/v2\/media\/5909"}],"wp:attachment":[{"href":"https:\/\/noticiasdestaque.com.br\/index.php\/wp-json\/wp\/v2\/media?parent=5907"}],"wp:term":[{"taxonomy":"category","embeddable":true,"href":"https:\/\/noticiasdestaque.com.br\/index.php\/wp-json\/wp\/v2\/categories?post=5907"},{"taxonomy":"post_tag","embeddable":true,"href":"https:\/\/noticiasdestaque.com.br\/index.php\/wp-json\/wp\/v2\/tags?post=5907"}],"curies":[{"name":"wp","href":"https:\/\/api.w.org\/{rel}","templated":true}]}}