{"id":5901,"date":"2023-03-26T17:55:00","date_gmt":"2023-03-26T17:55:00","guid":{"rendered":"https:\/\/noticiasdestaque.com.br\/index.php\/2023\/03\/26\/dia-mundial-da-conscientizacao-sobre-a-epilepsia-e-celebrado-neste-domingo\/"},"modified":"2023-03-26T17:55:00","modified_gmt":"2023-03-26T17:55:00","slug":"dia-mundial-da-conscientizacao-sobre-a-epilepsia-e-celebrado-neste-domingo","status":"publish","type":"post","link":"https:\/\/noticiasdestaque.com.br\/index.php\/2023\/03\/26\/dia-mundial-da-conscientizacao-sobre-a-epilepsia-e-celebrado-neste-domingo\/","title":{"rendered":"Dia Mundial da Conscientiza\u00e7\u00e3o Sobre a Epilepsia \u00e9 celebrado neste domingo (26)"},"content":{"rendered":"<p>No dia 26 de mar\u00e7o celebra-se, desde 2008, o Dia Mundial da Conscientiza\u00e7\u00e3o sobre a Epilepsia. O Dia Roxo, como \u00e9 conhecido, \u00e9 um esfor\u00e7o internacional que visa aumentar a compreens\u00e3o sobre a epilepsia. A condi\u00e7\u00e3o afeta cerca de 2% da popula\u00e7\u00e3o brasileira e aproximadamente 50 milh\u00f5es de pessoas no mundo, segundo a Organiza\u00e7\u00e3o Mundial da Sa\u00fade (OMS).<\/p>\n<p>De acordo com o Minist\u00e9rio da Sa\u00fade, no Brasil, 25% dos pacientes  com a condi\u00e7\u00e3o s\u00e3o portadores em est\u00e1gio grave. No geral, o tratamento \u00e9 feito por meio de medicamentos que evitam as descargas cerebrais anormais. A epilepsia \u00e9 uma condi\u00e7\u00e3o neurol\u00f3gica que afeta pessoas de todas as idades. Durante segundos ou minutos, parte do c\u00e9rebro emite sinais incorretos e causa crises que podem se manifestar em convuls\u00f5es ou outros sintomas, como explica a neuropsic\u00f3loga Simone Lavorato. <\/p>\n<p>\u201cAs crises epil\u00e9ticas acontecem quando um determinado grupo de neur\u00f4nios passa a disparar de uma forma anormal e sincronizada criando um excesso de atividade cerebral. Isso pode acontecer em diversas condi\u00e7\u00f5es, como  infec\u00e7\u00f5es, traumas, anormalidades metab\u00f3licas. E a epilepsia, propriamente dita, \u00e9 essa anormalidade na conectividade cerebral, que faz com que esses disparos excessivos surjam com mais facilidade, podendo ocorrer de forma espont\u00e2nea nas pessoas\u201d, detalha. <\/p>\n<p>A condi\u00e7\u00e3o pode ser causada por traumas na cabe\u00e7a \u2014 recentes ou n\u00e3o \u2014 traumas na hora do parto, abuso de \u00e1lcool e drogas, tumores e outras doen\u00e7as neurol\u00f3gicas. Segundo o Minist\u00e9rio da Sa\u00fade, para que seja caracterizada epilepsia, \u00e9 necess\u00e1rio recorr\u00eancia espont\u00e2nea das crises, com intervalo de, no m\u00ednimo, 24 horas entre cada uma delas. Simone Lavorato destaca a import\u00e2ncia de conscientizar as pessoas sobre o tema.  <\/p>\n<p>\u201cA conscientiza\u00e7\u00e3o da sociedade acerca da epilepsia, de como ela se manifesta e o que podemos fazer se tivermos ao lado de uma pessoa que est\u00e1 tendo uma crise epil\u00e9tica, no sentido de dar um aux\u00edlio, de socorrer, ela \u00e9 muito importante. Pois a ignor\u00e2ncia, muitas vezes, afasta as pessoas e na verdade n\u00f3s podemos salvar vidas. E o conhecimento vai nos dar a condi\u00e7\u00e3o social de salvar vidas\u201d, afirma. <\/p>\n<h2> Minist\u00e9rio da Sa\u00fade explica como proceder ao presenciar uma crise epil\u00e9tica:<\/h2>\n<ul>\n<li>mantenha a calma e tranquilize as pessoas ao seu redor;<\/li>\n<li>evite que a pessoa caia bruscamente ao ch\u00e3o;<\/li>\n<li>tente colocar a pessoa deitada de costas, em lugar confort\u00e1vel e seguro, com a cabe\u00e7a protegida com algo macio;<\/li>\n<li>nunca segure a pessoa nem impe\u00e7a seus movimentos (deixe-a debater-se);<\/li>\n<li>retire objetos pr\u00f3ximos que possam machucar;<\/li>\n<li>mantenha-a deitada de barriga para cima, mas com a cabe\u00e7a voltada para o lado, evitando que ela se sufoque com a pr\u00f3pria saliva;<\/li>\n<li>afrouxe as roupas, se necess\u00e1rio;<\/li>\n<li>se for poss\u00edvel, levante o queixo para facilitar a passagem de ar;<\/li>\n<li>n\u00e3o tente introduzir objetos na boca do paciente durante as convuls\u00f5es;<\/li>\n<li>n\u00e3o d\u00ea tapas;<\/li>\n<li>n\u00e3o jogue \u00e1gua sobre ela nem ofere\u00e7a nada para ela cheirar;<\/li>\n<li>verifique se existe pulseira, medalha ou outra identifica\u00e7\u00e3o m\u00e9dica de emerg\u00eancia que possa sugerir a causa da convuls\u00e3o;<\/li>\n<li>permane\u00e7a ao lado da pessoa at\u00e9 que ela recupere a consci\u00eancia;<\/li>\n<li>se a crise convulsiva durar mais que 5 minutos sem sinais de melhora, pe\u00e7a ajuda m\u00e9dica;<\/li>\n<li>quando a crise passar, deixe a pessoa descansar.<\/li>\n<\/ul>\n<h2>Como se manifesta<\/h2>\n<p>P\u00f3s-doutor e PhD em Neuroci\u00eancias, Fabiano de Abreu destaca que \u201cas convuls\u00f5es podem afetar as pessoas de maneira diferente, dependendo de qual parte do c\u00e9rebro est\u00e1 envolvida.\u201d Ele ressalta que \u201cos sintomas incluem espasmos e tremores incontrol\u00e1veis, chamados de ataques; perdendo a consci\u00eancia e olhando fixamente para o nada e ficando r\u00edgido; sensa\u00e7\u00f5es estranhas como uma sensa\u00e7\u00e3o de subir na barriga e cheiros ou gosto incomuns e sensa\u00e7\u00e3o de formigamento nos bra\u00e7os e pernas\u201d<\/p>\n<p>As crises epil\u00e9pticas podem se manifestar como crise convulsiva. Nesse caso h\u00e1 possibilidade de queda, contra\u00e7\u00f5es musculares, mordedura da l\u00edngua, saliva\u00e7\u00e3o intensa, e respira\u00e7\u00e3o ofegante. Nesse processo, a pessoa pode tamb\u00e9m urinar.  Na crise do tipo \u201caus\u00eancia\u201d, ocorre um desligamento da pessoa. Ela fica com olhar fixo e perde contato com o meio por alguns segundos.<\/p>\n<p>Outro tipo de manifesta\u00e7\u00e3o \u00e9 do tipo \u201calerta\u201d. Ocorre como se a pessoa estivesse alerta, com movimentos autom\u00e1ticos. No entanto, n\u00e3o h\u00e1 controle nesses atos. Tamb\u00e9m existem outras formas em que a epilepsia pode se manifestar. <\/p>\n<p>Segundo o Minist\u00e9rio da Sa\u00fade, o Sistema \u00danico de Sa\u00fade (SUS) oferece tratamento integral e gratuito para os casos de epilepsia, desde diagn\u00f3stico at\u00e9 o acompanhamento e tratamento necess\u00e1rios, inclusive o medicamentoso. \n <\/p>\n<p> Fonte: Brasil61<\/p>\n<input type=\"hidden\" id=\"baseurl\" value=\"https:\/\/noticiasdestaque.com.br\"><input type=\"hidden\" id=\"audio_nonce\" value=\"6f73a554f1\">","protected":false},"excerpt":{"rendered":"<p>Conhecido como Dia Roxo, a data tem como objetivo chamar aten\u00e7\u00e3o do mundo para a condi\u00e7\u00e3o que afeta cerca de 50 milh\u00f5es de pessoas <\/p>\n","protected":false},"author":1,"featured_media":5903,"comment_status":"open","ping_status":"open","sticky":false,"template":"","format":"standard","meta":{"fifu_image_url":"","fifu_image_alt":"","footnotes":""},"categories":[1],"tags":[112],"class_list":["post-5901","post","type-post","status-publish","format-standard","has-post-thumbnail","hentry","category-uncategorized","tag-energreener"],"distributor_meta":false,"distributor_terms":false,"distributor_media":false,"distributor_original_site_name":"Noticias em Destaque","distributor_original_site_url":"https:\/\/noticiasdestaque.com.br","push-errors":false,"_links":{"self":[{"href":"https:\/\/noticiasdestaque.com.br\/index.php\/wp-json\/wp\/v2\/posts\/5901","targetHints":{"allow":["GET"]}}],"collection":[{"href":"https:\/\/noticiasdestaque.com.br\/index.php\/wp-json\/wp\/v2\/posts"}],"about":[{"href":"https:\/\/noticiasdestaque.com.br\/index.php\/wp-json\/wp\/v2\/types\/post"}],"author":[{"embeddable":true,"href":"https:\/\/noticiasdestaque.com.br\/index.php\/wp-json\/wp\/v2\/users\/1"}],"replies":[{"embeddable":true,"href":"https:\/\/noticiasdestaque.com.br\/index.php\/wp-json\/wp\/v2\/comments?post=5901"}],"version-history":[{"count":1,"href":"https:\/\/noticiasdestaque.com.br\/index.php\/wp-json\/wp\/v2\/posts\/5901\/revisions"}],"predecessor-version":[{"id":5902,"href":"https:\/\/noticiasdestaque.com.br\/index.php\/wp-json\/wp\/v2\/posts\/5901\/revisions\/5902"}],"wp:featuredmedia":[{"embeddable":true,"href":"https:\/\/noticiasdestaque.com.br\/index.php\/wp-json\/wp\/v2\/media\/5903"}],"wp:attachment":[{"href":"https:\/\/noticiasdestaque.com.br\/index.php\/wp-json\/wp\/v2\/media?parent=5901"}],"wp:term":[{"taxonomy":"category","embeddable":true,"href":"https:\/\/noticiasdestaque.com.br\/index.php\/wp-json\/wp\/v2\/categories?post=5901"},{"taxonomy":"post_tag","embeddable":true,"href":"https:\/\/noticiasdestaque.com.br\/index.php\/wp-json\/wp\/v2\/tags?post=5901"}],"curies":[{"name":"wp","href":"https:\/\/api.w.org\/{rel}","templated":true}]}}