{"id":5880,"date":"2023-03-24T17:35:00","date_gmt":"2023-03-24T17:35:00","guid":{"rendered":"https:\/\/noticiasdestaque.com.br\/index.php\/2023\/03\/24\/energia-eletrica-brasil-avanca-na-geracao-e-ultrapassa-marca-de-gw\/"},"modified":"2023-03-24T17:35:00","modified_gmt":"2023-03-24T17:35:00","slug":"energia-eletrica-brasil-avanca-na-geracao-e-ultrapassa-marca-de-gw","status":"publish","type":"post","link":"https:\/\/noticiasdestaque.com.br\/index.php\/2023\/03\/24\/energia-eletrica-brasil-avanca-na-geracao-e-ultrapassa-marca-de-gw\/","title":{"rendered":"ENERGIA EL\u00c9TRICA: Brasil avan\u00e7a na gera\u00e7\u00e3o e ultrapassa marca de 190 GW"},"content":{"rendered":"<p>O Brasil ultrapassou a marca de 190 gigawatts (GW) na capacidade instalada centralizada na matriz el\u00e9trica conectada ao Sistema Interligado Nacional para uso da popula\u00e7\u00e3o. \u00c9 o que anunciou, este m\u00eas, a Ag\u00eancia Nacional de Energia El\u00e9trica (Aneel). Desse total, 103,2 GW de energia vieram das usinas hidrel\u00e9tricas de grande porte. Em seguida v\u00eam as termel\u00e9tricas (46,15 GW) e usinas e\u00f3licas (24,92 GW). O crescimento em 2023 j\u00e1 superou 2 GW, sendo 1,14 GW de usinas e\u00f3licas.<\/p>\n<p>Para a Aneel, os resultados obtidos fazem parte do cen\u00e1rio de expans\u00e3o da gera\u00e7\u00e3o de energia por fontes renov\u00e1veis. Tamb\u00e9m foram destaque no mesmo per\u00edodo as usinas solares fotovoltaicas com aumento de 580 megawatts (MW) na matriz. As termel\u00e9tricas tiveram amplia\u00e7\u00e3o de 269,7 MW. Entre os estados que se destacaram est\u00e3o o Rio Grande do Norte, com expans\u00e3o 579,6 MW no bimestre; Minas Gerais, com 494 MW; e Bahia, com 347,9 MW.<\/p>\n<p>O crescimento das fontes renov\u00e1veis de energia no pa\u00eds tamb\u00e9m \u00e9 reflexo da ado\u00e7\u00e3o por parte de alguns consumidores da energia solar fotovoltaica. Segundo a Associa\u00e7\u00e3o Brasileira de Energia Solar Fotovoltaica (Absolar), essa modalidade de energia representa 11,6% da matriz energ\u00e9tica brasileira. <\/p>\n<p>Um dos consumidores que adotaram a energia solar foi C\u00e9sar Santos, de 44 anos, morador de Independ\u00eancia, no Cear\u00e1. O servidor p\u00fablico diz que o motivo para ter adotado a energia solar foi a preocupa\u00e7\u00e3o com o meio ambiente, al\u00e9m da redu\u00e7\u00e3o no custo da energia el\u00e9trica. <\/p>\n<p>\u201cO que me fez colocar na minha resid\u00eancia, primeiro, por ser uma energia renov\u00e1vel, uma energia sustent\u00e1vel em que podemos contribuir com o meio ambiente. Segundo pela taxa\u00e7\u00e3o, do que podemos pagar, o pre\u00e7o\/custo, porque tivemos uma economia de energia de at\u00e9 90%\u201d, afirma C\u00e9sar Santos.<\/p>\n<h2>Mercado livre de energia<\/h2>\n<p>Um projeto de lei (PL 414\/2021),que tramita no Congresso Nacional, prev\u00ea baratear o custo da energia el\u00e9trica para os consumidores a partir da ado\u00e7\u00e3o do mercado livre de energia, estabelecendo o novo marco do setor el\u00e9trico. Atualmente, os consumidores pequenos de eletricidade s\u00f3 podem comprar energia de distribuidoras e geradoras locais. <\/p>\n<p>O objetivo do novo marco do setor el\u00e9trico \u00e9 expandir a possibilidade de escolha para o consumidor comum, sem levar em considera\u00e7\u00e3o a carga e tens\u00e3o utilizadas, aumentando a concorr\u00eancia e reduzindo o custo da energia. Para o deputado federal Domingos S\u00e1vio (PL-MG), a proposta \u00e9 importante para que o pa\u00eds evolua no tema, mas \u00e9 preciso um planejamento para que o mercado livre seja adotado no Brasil.<\/p>\n<p>\u201cN\u00f3s precisamos fazer um esfor\u00e7o grande no Brasil para facilitar a vida de quem quer produzir energia limpa e renov\u00e1vel, e buscarmos um mecanismo que possa abrir o mercado, al\u00e9m de estabelecer mais liberdade para o consumidor. Eu acredito que \u00e9 a \u00fanica maneira da gente reduzir de fato o custo da energia no Brasil, que \u00e9 uma das mais caras do mundo\u201d, diz o parlamentar.<\/p>\n<p>O PL 414\/2021 j\u00e1 foi aprovado no Senado e est\u00e1 em tramita\u00e7\u00e3o na C\u00e2mara dos Deputados, onde aguarda cria\u00e7\u00e3o de comiss\u00e3o tempor\u00e1ria para discutir a proposta.<\/p>\n<p> Fonte: Brasil61<\/p>\n<input type=\"hidden\" id=\"baseurl\" value=\"https:\/\/noticiasdestaque.com.br\"><input type=\"hidden\" id=\"audio_nonce\" value=\"6a24ca502e\">","protected":false},"excerpt":{"rendered":"<p>An\u00fancio feito pela Ag\u00eancia Nacional de Energia El\u00e9trica (Aneel) tamb\u00e9m aponta que 83,44% da gera\u00e7\u00e3o de energia no pa\u00eds \u00e9 considerada renov\u00e1vel. Em 2023, crescimento j\u00e1 superou 2 gigawatts, sendo 1,14 GW de usinas e\u00f3licas<\/p>\n","protected":false},"author":1,"featured_media":5882,"comment_status":"open","ping_status":"open","sticky":false,"template":"","format":"standard","meta":{"fifu_image_url":"","fifu_image_alt":"","footnotes":""},"categories":[1],"tags":[107],"class_list":["post-5880","post","type-post","status-publish","format-standard","has-post-thumbnail","hentry","category-uncategorized","tag-closer-vendedor-milionario"],"distributor_meta":false,"distributor_terms":false,"distributor_media":false,"distributor_original_site_name":"Noticias em Destaque","distributor_original_site_url":"https:\/\/noticiasdestaque.com.br","push-errors":false,"_links":{"self":[{"href":"https:\/\/noticiasdestaque.com.br\/index.php\/wp-json\/wp\/v2\/posts\/5880","targetHints":{"allow":["GET"]}}],"collection":[{"href":"https:\/\/noticiasdestaque.com.br\/index.php\/wp-json\/wp\/v2\/posts"}],"about":[{"href":"https:\/\/noticiasdestaque.com.br\/index.php\/wp-json\/wp\/v2\/types\/post"}],"author":[{"embeddable":true,"href":"https:\/\/noticiasdestaque.com.br\/index.php\/wp-json\/wp\/v2\/users\/1"}],"replies":[{"embeddable":true,"href":"https:\/\/noticiasdestaque.com.br\/index.php\/wp-json\/wp\/v2\/comments?post=5880"}],"version-history":[{"count":1,"href":"https:\/\/noticiasdestaque.com.br\/index.php\/wp-json\/wp\/v2\/posts\/5880\/revisions"}],"predecessor-version":[{"id":5881,"href":"https:\/\/noticiasdestaque.com.br\/index.php\/wp-json\/wp\/v2\/posts\/5880\/revisions\/5881"}],"wp:featuredmedia":[{"embeddable":true,"href":"https:\/\/noticiasdestaque.com.br\/index.php\/wp-json\/wp\/v2\/media\/5882"}],"wp:attachment":[{"href":"https:\/\/noticiasdestaque.com.br\/index.php\/wp-json\/wp\/v2\/media?parent=5880"}],"wp:term":[{"taxonomy":"category","embeddable":true,"href":"https:\/\/noticiasdestaque.com.br\/index.php\/wp-json\/wp\/v2\/categories?post=5880"},{"taxonomy":"post_tag","embeddable":true,"href":"https:\/\/noticiasdestaque.com.br\/index.php\/wp-json\/wp\/v2\/tags?post=5880"}],"curies":[{"name":"wp","href":"https:\/\/api.w.org\/{rel}","templated":true}]}}