{"id":588,"date":"2022-10-20T22:20:19","date_gmt":"2022-10-21T01:20:19","guid":{"rendered":"https:\/\/www.diariofama.com.br\/2022\/10\/20\/regional-do-baixo-amazonas-recebe-homenagens-em-evento-alusivo-ao-outubro-rosa\/"},"modified":"2022-10-20T22:20:19","modified_gmt":"2022-10-21T01:20:19","slug":"regional-do-baixo-amazonas-recebe-homenagens-em-evento-alusivo-ao-outubro-rosa","status":"publish","type":"post","link":"https:\/\/noticiasdestaque.com.br\/index.php\/2022\/10\/20\/regional-do-baixo-amazonas-recebe-homenagens-em-evento-alusivo-ao-outubro-rosa\/","title":{"rendered":"Regional do Baixo Amazonas recebe homenagens em evento alusivo ao Outubro Rosa"},"content":{"rendered":"\n<p>O Hospital Regional do Baixo Amazonas (HRBA) participou, na manh\u00e3 desta quinta-feira (20), de uma sess\u00e3o especial na C\u00e2mara dos Vereadores de Santar\u00e9m. O tema do encontro foi a campanha mundial Outubro Rosa, de conscientiza\u00e7\u00e3o e preven\u00e7\u00e3o ao c\u00e2ncer de mama. No evento, o poder legislativo municipal prestou homenagens a 16 pessoas e institui\u00e7\u00f5es importantes na luta contra a doen\u00e7a.<\/p>\n\n\n\n<p>No evento, o HRBA, que pertence ao Governo do Estado do Par\u00e1 e \u00e9 gerenciado pela entidade filantr\u00f3pica Pr\u00f3-Sa\u00fade, teve sete colaboradores homenageados. Os nomes foram escolhidos por pacientes em tratamento oncol\u00f3gico, que fazem parte do Grupo das Mulheres Vitoriosas e da Associa\u00e7\u00e3o Casa Rosa, e s\u00e3o atendidos na unidade.<\/p>\n\n\n\n<p>Receberam as honrarias da C\u00e2mara o m\u00e9dico e diretor T\u00e9cnico do HRBA, Epifanio Pereira; a m\u00e9dica Radio-oncologista Patr\u00edcia Mineiro; a enfermeira oncologista Carla Baia; a enfermeira Enilda Gamb\u00f4a; a farmac\u00eautica Alcione Cavalcante; a supervisora do setor de humaniza\u00e7\u00e3o Patr\u00edcia Nogueira; e o recepcionista Adriano Pimentel.<\/p>\n\n\n\n<p>\u201c\u00c9 imposs\u00edvel n\u00e3o se emocionar e n\u00e3o acreditar que as pessoas fazem toda a diferen\u00e7a na vida de centenas de outras pessoas. Agrade\u00e7o muito a realiza\u00e7\u00e3o deste evento, que \u00e9 uma oportunidade de desenvolver uma onda de solidariedade, empatia e humaniza\u00e7\u00e3o\u201d, comemorou Epifanio Pereira.<\/p>\n\n\n\n<p>O Hospital Regional do Baixo Amazonas \u00e9 refer\u00eancia em oncologia para 1,4 milh\u00e3o de pessoas residentes em 30 munic\u00edpios. A unidade oferta consultas, quimio e radioterapias, cirurgias oncol\u00f3gicas, entre outros. Em 2022, at\u00e9 o m\u00eas de setembro, j\u00e1 realizou 1.869 atendimentos de pacientes com c\u00e2ncer de mama e 1.783 exames de mamografia, fundamental para o diagn\u00f3stico de tumores nas mamas.<\/p>\n\n\n\n<p>Al\u00e9m das homenagens, o diretor Hospitalar da unidade, Hebert Moreschi, e as m\u00e9dicas Kalysta Borges e Patr\u00edcia Mineiro tamb\u00e9m foram convidados para integrar a mesa diretora da sess\u00e3o especial.<\/p>\n\n\n\n<p>\u201cFoi um dia muito importante para todos n\u00f3s. Somos refer\u00eancia em alta complexidade, sobretudo na oncologia na regi\u00e3o Oeste do Par\u00e1. N\u00f3s tivemos a oportunidade de ver quanto o nosso trabalho tem feito a diferen\u00e7a na vida das pessoas. O que mais chamou a aten\u00e7\u00e3o \u00e9 que, al\u00e9m do elogio t\u00e9cnico, todos destacaram a humaniza\u00e7\u00e3o da assist\u00eancia. Ficamos felizes com este reconhecimento\u201d, ressaltou o diretor Hospitalar.<\/p>\n\n\n\n<p>A vereadora Adriana Almeida foi a autora da homenagem e destacou a import\u00e2ncia da assist\u00eancia prestada pelo Hospital Regional do Baixo Amazonas para os pacientes em tratamento do c\u00e2ncer de mama.<\/p>\n\n\n\n<p>\u201cA gente escuta as pessoas que est\u00e3o em tratamento e ficamos muito felizes em saber que essas mulheres s\u00e3o bem atendidas, bem acolhidas, que temos os melhores profissionais. Elas realmente t\u00eam um carinho muito grande com cada colaborador do Regional e isso \u00e9 a prova de que essas mulheres est\u00e3o sendo bem cuidadas\u201d, ressaltou Adriana.<\/p>\n\n\n\n<p>A pedagoga Bell Azevedo tem 38 anos e faz parte do Grupo das Mulheres Vitoriosas. H\u00e1 dois anos, ela descobriu um c\u00e2ncer na mama direita e hoje faz acompanhamento na unidade. Ela diz que sempre se sente muito acolhida por todos os profissionais que trabalham no HRBA.<\/p>\n\n\n\n<p>\u201cEu tive acolhimento, tanto dos profissionais de sa\u00fade, quanto dos t\u00e9cnicos de enfermagem. E isso foi fundamental na minha recupera\u00e7\u00e3o, a humaniza\u00e7\u00e3o que eu recebi. Me sinto muito grata. O hospital foi muito importante na minha vida\u201d, afirmou Bell.<\/p>\n\n\n\n<p>A sess\u00e3o especial ainda contou com apresenta\u00e7\u00f5es musicais, homenagens \u00e0s pacientes e falas dos membros da mesa diretora sobre o tema da preven\u00e7\u00e3o do c\u00e2ncer de mama.<\/p>\n\n\n\n<p><strong>GUSTAVO CAMPOS<\/strong><\/p>\n<input type=\"hidden\" id=\"baseurl\" value=\"https:\/\/noticiasdestaque.com.br\"><input type=\"hidden\" id=\"audio_nonce\" value=\"9fd43fe80e\">","protected":false},"excerpt":{"rendered":"<p>O Hospital Regional do Baixo Amazonas (HRBA) participou, na manh\u00e3 desta quinta-feira (20), de uma sess\u00e3o especial na C\u00e2mara dos Vereadores de Santar\u00e9m. O tema do encontro foi a campanha mundial Outubro Rosa, de conscientiza\u00e7\u00e3o e preven\u00e7\u00e3o ao c\u00e2ncer de mama. No evento, o poder legislativo municipal prestou homenagens a 16 pessoas e institui\u00e7\u00f5es importantes [&hellip;]<\/p>\n","protected":false},"author":1,"featured_media":589,"comment_status":"open","ping_status":"open","sticky":false,"template":"","format":"standard","meta":{"fifu_image_url":"","fifu_image_alt":"","footnotes":""},"categories":[49],"tags":[],"class_list":["post-588","post","type-post","status-publish","format-standard","has-post-thumbnail","hentry","category-negocios"],"distributor_meta":false,"distributor_terms":false,"distributor_media":false,"distributor_original_site_name":"Brasil em Destaque","distributor_original_site_url":"https:\/\/www.brasilemdestaque.com.br","push-errors":false,"_links":{"self":[{"href":"https:\/\/noticiasdestaque.com.br\/index.php\/wp-json\/wp\/v2\/posts\/588","targetHints":{"allow":["GET"]}}],"collection":[{"href":"https:\/\/noticiasdestaque.com.br\/index.php\/wp-json\/wp\/v2\/posts"}],"about":[{"href":"https:\/\/noticiasdestaque.com.br\/index.php\/wp-json\/wp\/v2\/types\/post"}],"author":[{"embeddable":true,"href":"https:\/\/noticiasdestaque.com.br\/index.php\/wp-json\/wp\/v2\/users\/1"}],"replies":[{"embeddable":true,"href":"https:\/\/noticiasdestaque.com.br\/index.php\/wp-json\/wp\/v2\/comments?post=588"}],"version-history":[{"count":0,"href":"https:\/\/noticiasdestaque.com.br\/index.php\/wp-json\/wp\/v2\/posts\/588\/revisions"}],"wp:featuredmedia":[{"embeddable":true,"href":"https:\/\/noticiasdestaque.com.br\/index.php\/wp-json\/wp\/v2\/media\/589"}],"wp:attachment":[{"href":"https:\/\/noticiasdestaque.com.br\/index.php\/wp-json\/wp\/v2\/media?parent=588"}],"wp:term":[{"taxonomy":"category","embeddable":true,"href":"https:\/\/noticiasdestaque.com.br\/index.php\/wp-json\/wp\/v2\/categories?post=588"},{"taxonomy":"post_tag","embeddable":true,"href":"https:\/\/noticiasdestaque.com.br\/index.php\/wp-json\/wp\/v2\/tags?post=588"}],"curies":[{"name":"wp","href":"https:\/\/api.w.org\/{rel}","templated":true}]}}