{"id":5871,"date":"2023-03-23T17:39:00","date_gmt":"2023-03-23T17:39:00","guid":{"rendered":"https:\/\/noticiasdestaque.com.br\/index.php\/2023\/03\/23\/bia-ferreira-vence-semi-e-vai-disputar-sua-final-mundial-de-boxe\/"},"modified":"2023-03-23T17:39:00","modified_gmt":"2023-03-23T17:39:00","slug":"bia-ferreira-vence-semi-e-vai-disputar-sua-final-mundial-de-boxe","status":"publish","type":"post","link":"https:\/\/noticiasdestaque.com.br\/index.php\/2023\/03\/23\/bia-ferreira-vence-semi-e-vai-disputar-sua-final-mundial-de-boxe\/","title":{"rendered":"Bia Ferreira vence semi e vai disputar sua 3\u00aa final mundial de boxe"},"content":{"rendered":"<style> bloco.meta {font-style: italic; color: #666;font-weight: 600;font-size: .8em; \/* line-height: .3em; *\/}  text h2 { font-weight: 700 !important;  color: #062f46 !important;} text img { width: none; left: none;}<\/style>\n<\/p>\n<p>A baiana Beatriz Ferreira protagonizou mais uma fa\u00e7anha na hist\u00f3ria do boxe brasileiro ao se classificar para sua terceira final mundial seguida. Nesta quinta-feira (23), a atual n\u00famero 1 do mundo na categoria at\u00e9 60 quilos derrotou a sul-coreana Oh Yeoni, na semifinal do Mundial em Nova Delhi (\u00cdndia). Campe\u00e3 mundial em 2019 e vice no ano passado, a brasileira vai decidir o t\u00edtulo dos 60 kg com a colombiana Angie Valdes, no pr\u00f3ximo s\u00e1bado (25), \u00e0s 9h25 (hor\u00e1rio de Bras\u00edlia). O Mundial tem transmiss\u00e3o ao vivo no site do <a href=\"https:\/\/www.canalolimpicodobrasil.com.br\/\">Canal Ol\u00edmpico do Brasil. <\/a><aimg src=\"https:\/\/aagenciabrasil.ebc.com.br\/ebc.apng?id=1518289\n<\/p>\n<input type=\"hidden\" id=\"baseurl\" value=\"https:\/\/noticiasdestaque.com.br\"><input type=\"hidden\" id=\"audio_nonce\" value=\"6a24ca502e\">","protected":false},"excerpt":{"rendered":"<p>N\u00famero 1 do mundo, baiana lutar\u00e1 pelo ouro com colombiana Angie Valdes<\/p>\n","protected":false},"author":1,"featured_media":5873,"comment_status":"open","ping_status":"open","sticky":false,"template":"","format":"standard","meta":{"fifu_image_url":"","fifu_image_alt":"","footnotes":""},"categories":[1],"tags":[105],"class_list":["post-5871","post","type-post","status-publish","format-standard","has-post-thumbnail","hentry","category-uncategorized","tag-thiago-do-delta"],"distributor_meta":false,"distributor_terms":false,"distributor_media":false,"distributor_original_site_name":"Noticias em Destaque","distributor_original_site_url":"https:\/\/noticiasdestaque.com.br","push-errors":false,"_links":{"self":[{"href":"https:\/\/noticiasdestaque.com.br\/index.php\/wp-json\/wp\/v2\/posts\/5871","targetHints":{"allow":["GET"]}}],"collection":[{"href":"https:\/\/noticiasdestaque.com.br\/index.php\/wp-json\/wp\/v2\/posts"}],"about":[{"href":"https:\/\/noticiasdestaque.com.br\/index.php\/wp-json\/wp\/v2\/types\/post"}],"author":[{"embeddable":true,"href":"https:\/\/noticiasdestaque.com.br\/index.php\/wp-json\/wp\/v2\/users\/1"}],"replies":[{"embeddable":true,"href":"https:\/\/noticiasdestaque.com.br\/index.php\/wp-json\/wp\/v2\/comments?post=5871"}],"version-history":[{"count":1,"href":"https:\/\/noticiasdestaque.com.br\/index.php\/wp-json\/wp\/v2\/posts\/5871\/revisions"}],"predecessor-version":[{"id":5872,"href":"https:\/\/noticiasdestaque.com.br\/index.php\/wp-json\/wp\/v2\/posts\/5871\/revisions\/5872"}],"wp:featuredmedia":[{"embeddable":true,"href":"https:\/\/noticiasdestaque.com.br\/index.php\/wp-json\/wp\/v2\/media\/5873"}],"wp:attachment":[{"href":"https:\/\/noticiasdestaque.com.br\/index.php\/wp-json\/wp\/v2\/media?parent=5871"}],"wp:term":[{"taxonomy":"category","embeddable":true,"href":"https:\/\/noticiasdestaque.com.br\/index.php\/wp-json\/wp\/v2\/categories?post=5871"},{"taxonomy":"post_tag","embeddable":true,"href":"https:\/\/noticiasdestaque.com.br\/index.php\/wp-json\/wp\/v2\/tags?post=5871"}],"curies":[{"name":"wp","href":"https:\/\/api.w.org\/{rel}","templated":true}]}}