{"id":5856,"date":"2023-03-23T16:38:00","date_gmt":"2023-03-23T16:38:00","guid":{"rendered":"https:\/\/noticiasdestaque.com.br\/index.php\/2023\/03\/23\/garantia-safra-mais-de-mil-agricultores-familiares-receberao-beneficio-em-marco\/"},"modified":"2023-03-23T16:38:00","modified_gmt":"2023-03-23T16:38:00","slug":"garantia-safra-mais-de-mil-agricultores-familiares-receberao-beneficio-em-marco","status":"publish","type":"post","link":"https:\/\/noticiasdestaque.com.br\/index.php\/2023\/03\/23\/garantia-safra-mais-de-mil-agricultores-familiares-receberao-beneficio-em-marco\/","title":{"rendered":"Garantia-Safra: mais de 39 mil agricultores familiares receber\u00e3o benef\u00edcio em mar\u00e7o"},"content":{"rendered":"<p>O Minist\u00e9rio do Desenvolvimento Agr\u00e1rio e Agricultura Familiar (MDA) publicou a portaria que determina o pagamento do Garantia-Safra a 39 mil agricultores que aderiram ao benef\u00edcio na temporada 2021\/2022.<\/p>\n<p>O pagamento deste m\u00eas ser\u00e1 feito a produtores rurais de Minas Gerais e de cinco estados do Nordeste: Alagoas, Para\u00edba, Pernambuco, Piau\u00ed e Rio Grande do Norte. <\/p>\n<p>\u201cA a\u00e7\u00e3o tem como objetivo garantir a seguran\u00e7a alimentar de agricultores familiares que residam em regi\u00f5es sistematicamente sujeitos \u00e0 perda de safra, por raz\u00e3o de estiagem ou enchente\u201d, informa, em nota, o governo federal. Ao todo, o total de recursos ser\u00e1 superior a R$ 33 milh\u00f5es.<\/p>\n<p>T\u00eam direito a receber o benef\u00edcio, em parcela \u00fanica de R$ 850, os agricultores com renda mensal de at\u00e9 1 sal\u00e1rio m\u00ednimo e meio, quando tiverem perdas de produ\u00e7\u00e3o igual ou superior a 50%. O Garantia-Safra \u00e9 pago de acordo com o calend\u00e1rio de pagamento dos benef\u00edcios sociais. <\/p>\n<h2>Benef\u00edcio bloqueado<\/h2>\n<p>Os agricultores que aderiram ao Garantia-Safra, que tiveram a concess\u00e3o do benef\u00edcio bloqueada nos munic\u00edpios com autoriza\u00e7\u00e3o do pagamento em mar\u00e7o\/2023, devem regularizar a situa\u00e7\u00e3o. Leonardo Cesar Dias Filho, advogado especialista em agroneg\u00f3cio, explica que caso o benef\u00edcio esteja bloqueado, o produtor precisa verificar o motivo do bloqueio.<\/p>\n<p>&#8220;Quando o produtor tem esse benef\u00edcio bloqueado, ele deve regularizar a sua situa\u00e7\u00e3o por meio de consulta ao <strong><a href=\"https:\/\/www.gov.br\/pt-br\/servicos\/solicitar-requerimento-de-defesa-apos-bloqueio-do-beneficio-garantia-safra\">\u201cSolicitar Requerimento de Defesa ap\u00f3s bloqueio do Benef\u00edcio Garantia-Safra\u201d<\/a> <\/strong>dentro do Portal Gov.br. Os produtores que acessam esse benef\u00edcio  t\u00eam  prazo de at\u00e9 30 dias da notifica\u00e7\u00e3o de bloqueio do benef\u00edcio pra se manifestarem, para requererem a defesa, ap\u00f3s o bloqueio do garantia safra&#8221;, explica Dias Filho.<\/p>\n<p> Fonte: Brasil61<\/p>\n<input type=\"hidden\" id=\"baseurl\" value=\"https:\/\/noticiasdestaque.com.br\"><input type=\"hidden\" id=\"audio_nonce\" value=\"581f3017e1\">","protected":false},"excerpt":{"rendered":"<p>Pagamento ser\u00e1 feito a produtores de Minas Gerais e cinco estados do Nordeste<\/p>\n","protected":false},"author":1,"featured_media":5858,"comment_status":"open","ping_status":"open","sticky":false,"template":"","format":"standard","meta":{"fifu_image_url":"","fifu_image_alt":"","footnotes":""},"categories":[1],"tags":[107],"class_list":["post-5856","post","type-post","status-publish","format-standard","has-post-thumbnail","hentry","category-uncategorized","tag-closer-vendedor-milionario"],"distributor_meta":false,"distributor_terms":false,"distributor_media":false,"distributor_original_site_name":"Noticias em Destaque","distributor_original_site_url":"https:\/\/noticiasdestaque.com.br","push-errors":false,"_links":{"self":[{"href":"https:\/\/noticiasdestaque.com.br\/index.php\/wp-json\/wp\/v2\/posts\/5856","targetHints":{"allow":["GET"]}}],"collection":[{"href":"https:\/\/noticiasdestaque.com.br\/index.php\/wp-json\/wp\/v2\/posts"}],"about":[{"href":"https:\/\/noticiasdestaque.com.br\/index.php\/wp-json\/wp\/v2\/types\/post"}],"author":[{"embeddable":true,"href":"https:\/\/noticiasdestaque.com.br\/index.php\/wp-json\/wp\/v2\/users\/1"}],"replies":[{"embeddable":true,"href":"https:\/\/noticiasdestaque.com.br\/index.php\/wp-json\/wp\/v2\/comments?post=5856"}],"version-history":[{"count":1,"href":"https:\/\/noticiasdestaque.com.br\/index.php\/wp-json\/wp\/v2\/posts\/5856\/revisions"}],"predecessor-version":[{"id":5857,"href":"https:\/\/noticiasdestaque.com.br\/index.php\/wp-json\/wp\/v2\/posts\/5856\/revisions\/5857"}],"wp:featuredmedia":[{"embeddable":true,"href":"https:\/\/noticiasdestaque.com.br\/index.php\/wp-json\/wp\/v2\/media\/5858"}],"wp:attachment":[{"href":"https:\/\/noticiasdestaque.com.br\/index.php\/wp-json\/wp\/v2\/media?parent=5856"}],"wp:term":[{"taxonomy":"category","embeddable":true,"href":"https:\/\/noticiasdestaque.com.br\/index.php\/wp-json\/wp\/v2\/categories?post=5856"},{"taxonomy":"post_tag","embeddable":true,"href":"https:\/\/noticiasdestaque.com.br\/index.php\/wp-json\/wp\/v2\/tags?post=5856"}],"curies":[{"name":"wp","href":"https:\/\/api.w.org\/{rel}","templated":true}]}}