{"id":5850,"date":"2023-03-23T15:27:37","date_gmt":"2023-03-23T18:27:37","guid":{"rendered":"https:\/\/noticiasdestaque.com.br\/?p=5850"},"modified":"2023-03-23T15:27:53","modified_gmt":"2023-03-23T18:27:53","slug":"o-atleta-renan-cuel-retoma-os-treinamentos-de-ginastica-e-pretende-retornar-com-seu-projeto-social-esportivo-em-2023","status":"publish","type":"post","link":"https:\/\/noticiasdestaque.com.br\/index.php\/2023\/03\/23\/o-atleta-renan-cuel-retoma-os-treinamentos-de-ginastica-e-pretende-retornar-com-seu-projeto-social-esportivo-em-2023\/","title":{"rendered":"O atleta Renan Cuel retoma os treinamentos de gin\u00e1stica e pretende retornar com seu projeto social esportivo em 2023"},"content":{"rendered":"\n<p>Ap\u00f3s um per\u00edodo afastado do gin\u00e1sio e das competi\u00e7\u00f5es por v\u00e1rios motivos o atleta Renan que esse ano completa 20 anos de carreira no esporte contou a nossa equipe que ir\u00e1 retornar aos treinamentos nas pr\u00f3ximas semanas.<\/p>\n\n\n\n<p>\u2018\u2019Ap\u00f3s vencer os \u00faltimos jogos em 2019 antes da pandemia o meu objetivo era melhorar minha s\u00e9rie de solo e salto e tentar chegar ao campeonato brasileiro.<\/p>\n\n\n\n<p>Ap\u00f3s ganhar o ouro nos Jogos segui para \u00faltima competi\u00e7\u00e3o do ano a qual fiquei com a prata. Isso me animou, infelizmente em 2020 fomos surpreendidos pela pandemia da covid-19 e tudo parou sem previs\u00e3o de retorno. Tentei manter o condicionamento f\u00edsico, mas a gin\u00e1stica \u00e9 uma modalidade muita espec\u00edfica.<\/p>\n\n\n\n<p>Cheguei a realizar alguns treinos em 2021 mas o cen\u00e1rio ainda era cr\u00edtico. Sem uma previs\u00e3o real de retorno fui desanimando, a equipe foi se acabando. No in\u00edcio de 2022 eu me mudei para o Litoral norte de S\u00e3o Paulo pois recebi um convite que iria somar na minha carreira profissional como Cirurgi\u00e3o Dentista. <\/p>\n\n\n\n<figure class=\"wp-block-image size-large\"><img loading=\"lazy\" decoding=\"async\" width=\"300\" height=\"206\" src=\"https:\/\/noticiasdestaque.com.br\/wp-content\/uploads\/2023\/03\/IMG-20230323-WA0063-300x206.jpg\" alt=\"\" class=\"wp-image-5849\" srcset=\"https:\/\/noticiasdestaque.com.br\/wp-content\/uploads\/2023\/03\/IMG-20230323-WA0063-300x206.jpg 300w, https:\/\/noticiasdestaque.com.br\/wp-content\/uploads\/2023\/03\/IMG-20230323-WA0063.jpg 657w\" sizes=\"auto, (max-width: 300px) 100vw, 300px\" \/><\/figure>\n\n\n\n<p>Foquei na carreira e agora no in\u00edcio de 2023 resolvi voltar ao munic\u00edpio e decidi retornar aos treinamentos e voltar com meu projeto social de gin\u00e1stica como colaborador esportivo. <\/p>\n\n\n\n<p>De 2019 at\u00e9 hoje o munic\u00edpio n\u00e3o teve mais resultados na gin\u00e1stica, a cidade n\u00e3o teve mais t\u00edtulos, isso \u00e9 triste pois \u00e9 preciso ter continuidade. <\/p>\n\n\n\n<p>Eu e os mais velhos lutamos tanto para abrirmos portas, temos um gin\u00e1sio espetacular, refer\u00eancia no estado de S\u00e3o Paulo. Muitos talentos poderiam continuar surgindo ali e seguindo voos mais altos. Eu tamb\u00e9m n\u00e3o pretendo continuar por muito tempo, eu sou o \u00faltimo da \u2018 velha guarda\u2019 em breve me aposento (risos). <\/p>\n\n\n\n<p>Antes disso quero ver novos talentos e a modalidade crescendo cada vez mais. Em reuni\u00e3o com o secret\u00e1rio de esportes, tivemos diversas ideias, estou otimista. \u2018\u2019<\/p>\n\n\n\n<p><strong>Tem previs\u00e3o para retornar o projeto social?<\/strong><\/p>\n\n\n\n<p>O mais breve poss\u00edvel! \u00c9 muito bom poder compartilhar o conhecimento, mudar vidas, colaborar na forma\u00e7\u00e3o esportiva e social de uma pessoa. O esporte mudou minha vida e sei que atrav\u00e9s do esporte \u00e9 poss\u00edvel continuar essa transforma\u00e7\u00e3o para novas gera\u00e7\u00f5es.<\/p>\n\n\n\n<p>Voc\u00ea sentiu passar esses 20 anos de gin\u00e1stica?<br>J\u00e1 at\u00e9 disse isso em uma outra entrevista \u2013\u2018\u2019 N\u00e3o vi o tempo passar\u2019\u2019. O mais gostoso de tudo \u00e9 saber que fiz parte de uma gera\u00e7\u00e3o transformadora, que abriu portas, que mudou vidas, que mudou minha vida.<br>Conheci meus \u00eddolos e cheguei a competir junto com eles, isso n\u00e3o tem pre\u00e7o.<\/p>\n\n\n\n<p><strong>Quem \u00e9 o Renan sem a gin\u00e1stica?<\/strong><\/p>\n\n\n\n<p>O Renan \u00e9 multifacetado mas \u00e9 dif\u00edcil existir o Renan sem a gin\u00e1stica. Al\u00e9m do meu trabalho como Cirurgi\u00e3o Dentista, trabalho com produ\u00e7\u00e3o, artes h\u00e1 bastante tempo. Isso me completa!<\/p>\n\n\n\n<p>Gosto de ser intenso no que me proponho a fazer, esse ano completo 20 anos tamb\u00e9m na \u00e1rea art\u00edstica. Em 2003 apresentei minha primeira pe\u00e7a como ator no circuito\/festival renomado Cacilda Becker. <\/p>\n\n\n\n<p>Isso foi um divisor de \u00e1guas na minha vida. Ap\u00f3s isso segui fazendo arte paralelo aos treinos de gin\u00e1stica.<\/p>\n\n\n\n<p><strong>E como \u00e9 fazer tantas coisas ao mesmo tempo?<\/strong><\/p>\n\n\n\n<p>\u00c9 trabalhoso, mas \u00e9 \u00f3timo!. Gosto de intensidade!<br>Depois dos 30 anos a gente passa a ver as coisas de forma diferente.<\/p>\n\n\n\n<p><strong>Voc\u00ea ir\u00e1 cobrir as Olimp\u00edadas e Paralimp\u00edadas de 2024?<\/strong><\/p>\n\n\n\n<p>N\u00e3o sei ainda. Foi um prazer fazer a cobertura dos jogos em 2021 das Olimp\u00edadas de T\u00f3quio. Gostaria muito de estar l\u00e1 em Paris acompanhando tudo de perto trazendo as noticias.<\/p>\n\n\n\n<p><strong>Tem algum(a) Atleta que voc\u00ea mais gosta ou tem mais amizade?<\/strong><\/p>\n\n\n\n<p>Eu gosto de todos, na gin\u00e1stica somos bem unidos. Eu tenho mais amizade com o Arthur Nory. Ele al\u00e9m de um \u00f3timo atleta \u00e9 uma \u00f3tima pessoa. Nory \u00e9 muito dedicado no que faz, tamb\u00e9m \u00e9 muito brincalh\u00e3o.<br><\/p>\n\n\n\n<p><strong>Gostaria de agradecer algu\u00e9m?<\/strong><\/p>\n\n\n\n<p>A todos que sempre me apoiaram nessa minha caminhada. Familiares e amigos. As equipes que fiz parte, a todos professores da SME que sempre estiveram comigo nos jogos, apoiando, motivando, incentivando em especial a Dani, Adriana, Carla, Elaine, Marcinho, Djacyh e Camilo. Agrade\u00e7o tamb\u00e9m a professora Soraia que \u00e9 a respons\u00e1vel por manter viva a gin\u00e1stica na cidade formando diversas esquipes de inicia\u00e7\u00e3o. Ao atual secret\u00e1rio Rubinho que tem vis\u00e3o para o crescimento e desenvolvimento do esporte.<\/p>\n\n\n\n<p>Nossa equipe agradece a entrevista.<br \/>Desejamos muito sucesso!<\/p>\n<input type=\"hidden\" id=\"baseurl\" value=\"https:\/\/noticiasdestaque.com.br\"><input type=\"hidden\" id=\"audio_nonce\" value=\"581f3017e1\">","protected":false},"excerpt":{"rendered":"<p>Ap\u00f3s um per\u00edodo afastado do gin\u00e1sio e das competi\u00e7\u00f5es por v\u00e1rios motivos o atleta Renan que esse ano completa 20 anos de carreira no esporte contou a nossa equipe que ir\u00e1 retornar aos treinamentos nas pr\u00f3ximas semanas. \u2018\u2019Ap\u00f3s vencer os \u00faltimos jogos em 2019 antes da pandemia o meu objetivo era melhorar minha s\u00e9rie de [&hellip;]<\/p>\n","protected":false},"author":1,"featured_media":5852,"comment_status":"open","ping_status":"open","sticky":false,"template":"","format":"standard","meta":{"fifu_image_url":"","fifu_image_alt":"","footnotes":""},"categories":[47],"tags":[97],"class_list":["post-5850","post","type-post","status-publish","format-standard","has-post-thumbnail","hentry","category-esportes","tag-renan-cuel"],"distributor_meta":false,"distributor_terms":false,"distributor_media":false,"distributor_original_site_name":"Noticias em Destaque","distributor_original_site_url":"https:\/\/noticiasdestaque.com.br","push-errors":false,"_links":{"self":[{"href":"https:\/\/noticiasdestaque.com.br\/index.php\/wp-json\/wp\/v2\/posts\/5850","targetHints":{"allow":["GET"]}}],"collection":[{"href":"https:\/\/noticiasdestaque.com.br\/index.php\/wp-json\/wp\/v2\/posts"}],"about":[{"href":"https:\/\/noticiasdestaque.com.br\/index.php\/wp-json\/wp\/v2\/types\/post"}],"author":[{"embeddable":true,"href":"https:\/\/noticiasdestaque.com.br\/index.php\/wp-json\/wp\/v2\/users\/1"}],"replies":[{"embeddable":true,"href":"https:\/\/noticiasdestaque.com.br\/index.php\/wp-json\/wp\/v2\/comments?post=5850"}],"version-history":[{"count":4,"href":"https:\/\/noticiasdestaque.com.br\/index.php\/wp-json\/wp\/v2\/posts\/5850\/revisions"}],"predecessor-version":[{"id":5855,"href":"https:\/\/noticiasdestaque.com.br\/index.php\/wp-json\/wp\/v2\/posts\/5850\/revisions\/5855"}],"wp:featuredmedia":[{"embeddable":true,"href":"https:\/\/noticiasdestaque.com.br\/index.php\/wp-json\/wp\/v2\/media\/5852"}],"wp:attachment":[{"href":"https:\/\/noticiasdestaque.com.br\/index.php\/wp-json\/wp\/v2\/media?parent=5850"}],"wp:term":[{"taxonomy":"category","embeddable":true,"href":"https:\/\/noticiasdestaque.com.br\/index.php\/wp-json\/wp\/v2\/categories?post=5850"},{"taxonomy":"post_tag","embeddable":true,"href":"https:\/\/noticiasdestaque.com.br\/index.php\/wp-json\/wp\/v2\/tags?post=5850"}],"curies":[{"name":"wp","href":"https:\/\/api.w.org\/{rel}","templated":true}]}}