{"id":584,"date":"2022-10-20T22:11:10","date_gmt":"2022-10-21T01:11:10","guid":{"rendered":"https:\/\/www.diariofama.com.br\/2022\/10\/20\/sonambulismo-na-infancia\/"},"modified":"2022-10-20T22:11:10","modified_gmt":"2022-10-21T01:11:10","slug":"sonambulismo-na-infancia","status":"publish","type":"post","link":"https:\/\/noticiasdestaque.com.br\/index.php\/2022\/10\/20\/sonambulismo-na-infancia\/","title":{"rendered":"<strong>Sonambulismo na inf\u00e2ncia<\/strong>"},"content":{"rendered":"\n<p>O sonambulismo \u00e9 um transtorno de sono onde, na sua fase mais profunda, a crian\u00e7a faz movimentos e assume comportamentos como se estivesse acordada, mas, na realidade, encontra-se em sono profundo, dormindo. Sabemos que as fases do sono, na inf\u00e2ncia, ainda est\u00e3o em processo de matura\u00e7\u00e3o e, em algumas delas, podem ser anormais e cursarem com instabilidades e comportamentos estranhos.<\/p>\n\n\n\n<p>Na maioria dos casos, o sonambulismo come\u00e7a na inf\u00e2ncia, persiste at\u00e9 adolesc\u00eancia e pode chegar na fase adulta. As manifesta\u00e7\u00f5es do sonambulismo s\u00e3o diversas, como: fazer xixi no ch\u00e3o, abrir a porta e sair, ir \u00e0 cozinha, abrir e mexer nas gavetas e geladeira, andar pelos corredores, falar e conversar, entre outros. Costuma ter um hist\u00f3rico familiar, com predisposi\u00e7\u00e3o gen\u00e9tica e pode se associar a transtornos de neurodesenvolvimento e outros dist\u00farbios neurol\u00f3gicos.<\/p>\n\n\n\n<p>O que preocupa \u00e9 que os epis\u00f3dios s\u00e3o estressantes para os pais e geram muita ansiedade por causa do risco de acidente. O que os pais ou cuidadores devem fazer em um epis\u00f3dio de sonambulismo \u00e9 proteger a crian\u00e7a e lev\u00e1-la para o quarto, falar baixo e delicadamente com ela. Evite acord\u00e1-la e a mantenha tranquila. N\u00e3o h\u00e1 um tratamento eficaz e o mais adequado \u00e9 evitar os fatores que desencadeiam os casos.<\/p>\n\n\n\n<p>O que se recomenda para pessoas son\u00e2mbulas \u00e9 regular e estabilizar os hor\u00e1rios de sono criando uma rotina para a crian\u00e7a dormir, evitar uso de medicamentos e de alimentos estimulantes e n\u00e3o agitar nem excitar a crian\u00e7a ao final do dia. Alguns cuidados importantes que se deve ter em casa s\u00e3o evitar objetos cortantes \u00e0 altura, retirar m\u00f3veis que bloqueiem os corredores, colocar port\u00f5es nas escadas e fechar com chave as portas e travessas da casa, cercar piscinas e evitar coloc\u00e1-la para dormir em beliches.<\/p>\n\n\n\n<p>Em rela\u00e7\u00e3o ao tratamento, em casos mais intensos e severos, pode-se utilizar medicamentos para ajudar a regularizar o sono da crian\u00e7a. Apesar de n\u00e3o ter cura, existem meios manejo, controle e a perspectiva que o dist\u00farbio tende a desaparecer com o tempo na maioria dos casos. Caso seu filho tenha algum epis\u00f3dio de sonambulismo, procure o especialista.<\/p>\n\n\n\n<p>(*) Dr Clay Brites \u00e9 Pediatra e Neurologista Infantil (Pediatrician and Child Neurologist); Doutor em Ci\u00eancias M\u00e9dicas\/UNICAMP (PhD on Medical Science); Membro da ABENEPI-PR e SBP (Titular Member of Pediatric Brazilian Society); Speaker of Neurosaber Institute.<\/p>\n<input type=\"hidden\" id=\"baseurl\" value=\"https:\/\/noticiasdestaque.com.br\"><input type=\"hidden\" id=\"audio_nonce\" value=\"9fd43fe80e\">","protected":false},"excerpt":{"rendered":"<p>O sonambulismo \u00e9 um transtorno de sono onde, na sua fase mais profunda, a crian\u00e7a faz movimentos e assume comportamentos como se estivesse acordada, mas, na realidade, encontra-se em sono profundo, dormindo. Sabemos que as fases do sono, na inf\u00e2ncia, ainda est\u00e3o em processo de matura\u00e7\u00e3o e, em algumas delas, podem ser anormais e cursarem [&hellip;]<\/p>\n","protected":false},"author":1,"featured_media":585,"comment_status":"open","ping_status":"open","sticky":false,"template":"","format":"standard","meta":{"fifu_image_url":"","fifu_image_alt":"","footnotes":""},"categories":[53],"tags":[],"class_list":["post-584","post","type-post","status-publish","format-standard","has-post-thumbnail","hentry","category-artigos"],"distributor_meta":false,"distributor_terms":false,"distributor_media":false,"distributor_original_site_name":"Brasil em Destaque","distributor_original_site_url":"https:\/\/www.brasilemdestaque.com.br","push-errors":false,"_links":{"self":[{"href":"https:\/\/noticiasdestaque.com.br\/index.php\/wp-json\/wp\/v2\/posts\/584","targetHints":{"allow":["GET"]}}],"collection":[{"href":"https:\/\/noticiasdestaque.com.br\/index.php\/wp-json\/wp\/v2\/posts"}],"about":[{"href":"https:\/\/noticiasdestaque.com.br\/index.php\/wp-json\/wp\/v2\/types\/post"}],"author":[{"embeddable":true,"href":"https:\/\/noticiasdestaque.com.br\/index.php\/wp-json\/wp\/v2\/users\/1"}],"replies":[{"embeddable":true,"href":"https:\/\/noticiasdestaque.com.br\/index.php\/wp-json\/wp\/v2\/comments?post=584"}],"version-history":[{"count":0,"href":"https:\/\/noticiasdestaque.com.br\/index.php\/wp-json\/wp\/v2\/posts\/584\/revisions"}],"wp:featuredmedia":[{"embeddable":true,"href":"https:\/\/noticiasdestaque.com.br\/index.php\/wp-json\/wp\/v2\/media\/585"}],"wp:attachment":[{"href":"https:\/\/noticiasdestaque.com.br\/index.php\/wp-json\/wp\/v2\/media?parent=584"}],"wp:term":[{"taxonomy":"category","embeddable":true,"href":"https:\/\/noticiasdestaque.com.br\/index.php\/wp-json\/wp\/v2\/categories?post=584"},{"taxonomy":"post_tag","embeddable":true,"href":"https:\/\/noticiasdestaque.com.br\/index.php\/wp-json\/wp\/v2\/tags?post=584"}],"curies":[{"name":"wp","href":"https:\/\/api.w.org\/{rel}","templated":true}]}}