{"id":5833,"date":"2023-03-23T01:54:00","date_gmt":"2023-03-23T01:54:00","guid":{"rendered":"https:\/\/noticiasdestaque.com.br\/index.php\/2023\/03\/23\/rui-costa-classifica-decisao-do-copom-de-insensibilidade-com-o-povo\/"},"modified":"2023-03-23T01:54:00","modified_gmt":"2023-03-23T01:54:00","slug":"rui-costa-classifica-decisao-do-copom-de-insensibilidade-com-o-povo","status":"publish","type":"post","link":"https:\/\/noticiasdestaque.com.br\/index.php\/2023\/03\/23\/rui-costa-classifica-decisao-do-copom-de-insensibilidade-com-o-povo\/","title":{"rendered":"Rui Costa classifica decis\u00e3o do Copom de \u201cinsensibilidade\u201d com o povo"},"content":{"rendered":"<style> bloco.meta {font-style: italic; color: #666;font-weight: 600;font-size: .8em; \/* line-height: .3em; *\/}  text h2 { font-weight: 700 !important;  color: #062f46 !important;} text img { width: none; left: none;}<\/style>\n<\/p>\n<p>O ministro-chefe da Casa Civil, Rui Costa, n\u00e3o poupou cr\u00edticas ao Banco Central e ao seu presidente, Roberto Campos Neto, ap\u00f3s a <a href=\"https:\/\/agenciabrasil.ebc.com.br\/economia\/noticia\/2023-03\/copom-mantem-juros-basicos-da-economia-em-1375-ao-ano\" target=\"_blank\">manuten\u00e7\u00e3o da Selic, a taxa b\u00e1sica de juros, em 13,75% ao ano<\/a>. Aos ve\u00edculos da <strong>Empresa Brasil de Comunica\u00e7\u00e3o (EBC)<\/strong> na noite desta quarta-feira (22), Costa chamou o resultado da reuni\u00e3o do Comit\u00ea de Pol\u00edtica Monet\u00e1ria (Copom) de \u201cinsensibilidade\u201d.<aimg src=\"https:\/\/aagenciabrasil.ebc.com.br\/ebc.apng?id=1518125\n<\/p>\n<input type=\"hidden\" id=\"baseurl\" value=\"https:\/\/noticiasdestaque.com.br\"><input type=\"hidden\" id=\"audio_nonce\" value=\"6a24ca502e\">","protected":false},"excerpt":{"rendered":"<p>Ministro da Casa Civil criticou manuten\u00e7\u00e3o da taxa de juros em 13,75%<\/p>\n","protected":false},"author":1,"featured_media":5835,"comment_status":"open","ping_status":"open","sticky":false,"template":"","format":"standard","meta":{"fifu_image_url":"","fifu_image_alt":"","footnotes":""},"categories":[1],"tags":[107],"class_list":["post-5833","post","type-post","status-publish","format-standard","has-post-thumbnail","hentry","category-uncategorized","tag-closer-vendedor-milionario"],"distributor_meta":false,"distributor_terms":false,"distributor_media":false,"distributor_original_site_name":"Noticias em Destaque","distributor_original_site_url":"https:\/\/noticiasdestaque.com.br","push-errors":false,"_links":{"self":[{"href":"https:\/\/noticiasdestaque.com.br\/index.php\/wp-json\/wp\/v2\/posts\/5833","targetHints":{"allow":["GET"]}}],"collection":[{"href":"https:\/\/noticiasdestaque.com.br\/index.php\/wp-json\/wp\/v2\/posts"}],"about":[{"href":"https:\/\/noticiasdestaque.com.br\/index.php\/wp-json\/wp\/v2\/types\/post"}],"author":[{"embeddable":true,"href":"https:\/\/noticiasdestaque.com.br\/index.php\/wp-json\/wp\/v2\/users\/1"}],"replies":[{"embeddable":true,"href":"https:\/\/noticiasdestaque.com.br\/index.php\/wp-json\/wp\/v2\/comments?post=5833"}],"version-history":[{"count":1,"href":"https:\/\/noticiasdestaque.com.br\/index.php\/wp-json\/wp\/v2\/posts\/5833\/revisions"}],"predecessor-version":[{"id":5834,"href":"https:\/\/noticiasdestaque.com.br\/index.php\/wp-json\/wp\/v2\/posts\/5833\/revisions\/5834"}],"wp:featuredmedia":[{"embeddable":true,"href":"https:\/\/noticiasdestaque.com.br\/index.php\/wp-json\/wp\/v2\/media\/5835"}],"wp:attachment":[{"href":"https:\/\/noticiasdestaque.com.br\/index.php\/wp-json\/wp\/v2\/media?parent=5833"}],"wp:term":[{"taxonomy":"category","embeddable":true,"href":"https:\/\/noticiasdestaque.com.br\/index.php\/wp-json\/wp\/v2\/categories?post=5833"},{"taxonomy":"post_tag","embeddable":true,"href":"https:\/\/noticiasdestaque.com.br\/index.php\/wp-json\/wp\/v2\/tags?post=5833"}],"curies":[{"name":"wp","href":"https:\/\/api.w.org\/{rel}","templated":true}]}}