{"id":5794,"date":"2023-03-22T14:40:00","date_gmt":"2023-03-22T14:40:00","guid":{"rendered":"https:\/\/noticiasdestaque.com.br\/index.php\/2023\/03\/22\/governo-federal-visita-municipios-maranhenses-atingidos-por-chuvas-intensas\/"},"modified":"2023-03-22T14:40:00","modified_gmt":"2023-03-22T14:40:00","slug":"governo-federal-visita-municipios-maranhenses-atingidos-por-chuvas-intensas","status":"publish","type":"post","link":"https:\/\/noticiasdestaque.com.br\/index.php\/2023\/03\/22\/governo-federal-visita-municipios-maranhenses-atingidos-por-chuvas-intensas\/","title":{"rendered":"Governo Federal visita munic\u00edpios maranhenses atingidos por chuvas intensas"},"content":{"rendered":"<article prefix=\"rnews: http:\/\/iptc.org\/std\/rNews\/2011-10-07#\" typeof=\"Article\" vocab=\"http:\/\/schema.org\/\">\n<p data-pm-slice=\"1 1 []\">Uma comitiva do Governo Federal, integrada pelos ministros da Integra\u00e7\u00e3o e do Desenvolvimento Regional, Waldez G\u00f3es, e das Comunica\u00e7\u00f5es, Juscelino Filho, e pelo secret\u00e1rio-executivo do Minist\u00e9rio das Cidades, Hildo Rocha, foi ao Maranh\u00e3o nesta ter\u00e7a-feira (21) ver de perto a situa\u00e7\u00e3o dos munic\u00edpios do estado atingidos por chuvas intensas nos \u00faltimos dias e se colocar \u00e0 disposi\u00e7\u00e3o para apoiar as a\u00e7\u00f5es de resposta e de atendimento \u00e0 popula\u00e7\u00e3o afetada.<\/p>\n<p data-pm-slice=\"1 1 []\">Acompanhada do governador Carlos Brand\u00e3o, a comitiva fez uma vistoria e sobrevoou a cidade de Santa Luzia do Tide, onde um deslizamento de terra deixou dois mortos. Tamb\u00e9m foi realizada coletiva de imprensa na cidade de Bacabal.<\/p>\n<p>\u201cEstamos aqui em uma miss\u00e3o em nome do presidente Lula para prestar nossa solidariedade aos 33 munic\u00edpios atingidos e ao governo do Maranh\u00e3o. Todas as regi\u00f5es do Brasil, seja por estiagem, chuvas intensas ou enchentes, entre outros desastres, t\u00eam recebido desde a primeira hora o apoio integral do Governo Federal. N\u00f3s estamos colocando a Defesa Civil Nacional na defini\u00e7\u00e3o dos planos de trabalho, seja para ajuda humanit\u00e1ria ou reconstru\u00e7\u00e3o de danos materiais, como pontes e estradas\u201d, ressaltou o ministro Waldez G\u00f3es, na chegada \u00e0 cidade de Bacabal.<\/p>\n<p>Segundo o Corpo de Bombeiros Militar do Maranh\u00e3o, cerca de 400 fam\u00edlias est\u00e3o desabrigadas e 340 desalojadas. Seis pessoas morreram devido \u00e0s fortes chuvas, sendo duas em Santa Luzia do Tide, tr\u00eas em A\u00e7ail\u00e2ndia e uma em Arame.<\/p>\n<p>Nesta quarta-feira, seis integrantes do Grupo de Apoio ao Desastre (Gade) chegar\u00e3o ao Maranh\u00e3o para auxiliar nas a\u00e7\u00f5es de socorro e para dar suporte aos munic\u00edpios atingidos na elabora\u00e7\u00e3o dos planos de trabalho necess\u00e1rios para a solicita\u00e7\u00e3o de recursos federais para as a\u00e7\u00f5es de defesa civil.<\/p>\n<p>\u201cO governo Lula tem sido muito ativo e presente e estamos aqui para mostrar que n\u00e3o mediremos esfor\u00e7os para ajudar o Maranh\u00e3o. A Defesa Civil est\u00e1 mobilizada e \u00e0 disposi\u00e7\u00e3o de todos os prefeitos para que os repasses de recursos possam ser feitos o mais r\u00e1pido poss\u00edvel\u201d, destacou o ministro Waldez G\u00f3es.<\/p>\n<p>O ministro das Comunica\u00e7\u00f5es, Juscelino Filho, tamb\u00e9m destacou o apoio federal aos munic\u00edpios atingidos. \u201cInfelizmente, s\u00e3o muitas fam\u00edlias desabrigadas que precisam desse suporte, da m\u00e3o amiga do Governo Federal. N\u00e3o queremos deixar ningu\u00e9m desamparado\u201d, declarou.<\/p>\n<p>O governador do Maranh\u00e3o, Carlos Brand\u00e3o, destacou que o governo do estado est\u00e1 dando apoio \u00e0s fam\u00edlias desabrigadas pelas chuvas. Ele tamb\u00e9m agradeceu o apoio do Governo Federal. &#8220;Somos muito gratos com a presen\u00e7a, neste momento, dos ministros e de pessoas qualificadas para lidar com situa\u00e7\u00f5es de desastres como essa que atingiu nosso estado\u201d, comentou.<\/p>\n<p>O prefeito de Trizidela do Vale, Deibson Bale, falou sobre a import\u00e2ncia da ida do Governo Federal ao Maranh\u00e3o. \u201cEssa visita \u00e9 necess\u00e1ria para fazer a vistoria e o acompanhamento sobre a real situa\u00e7\u00e3o que se encontra o nosso munic\u00edpio, tendo em vista as fortes chuvas que ca\u00edram nas \u00faltimas semanas, aumentando o volume do rio e inundando diversas resid\u00eancias, deixando v\u00e1rias fam\u00edlias fora dos seus lares\u201d, afirmou.<\/p>\n<\/article>\n<p> Fonte: Brasil61<\/p>\n<input type=\"hidden\" id=\"baseurl\" value=\"https:\/\/noticiasdestaque.com.br\"><input type=\"hidden\" id=\"audio_nonce\" value=\"6a24ca502e\">","protected":false},"excerpt":{"rendered":"<p>Ministro da Integra\u00e7\u00e3o e do Desenvolvimento Regional, Waldez G\u00f3es, prestou solidariedade e colocou equipe da Defesa Civil Nacional \u00e0 disposi\u00e7\u00e3o para a auxiliar na realiza\u00e7\u00e3o de planos de trabalho para a solicita\u00e7\u00e3o de recursos federais<\/p>\n","protected":false},"author":1,"featured_media":5796,"comment_status":"open","ping_status":"open","sticky":false,"template":"","format":"standard","meta":{"fifu_image_url":"","fifu_image_alt":"","footnotes":""},"categories":[1],"tags":[106],"class_list":["post-5794","post","type-post","status-publish","format-standard","has-post-thumbnail","hentry","category-uncategorized","tag-brunna-pareja"],"distributor_meta":false,"distributor_terms":false,"distributor_media":false,"distributor_original_site_name":"Noticias em Destaque","distributor_original_site_url":"https:\/\/noticiasdestaque.com.br","push-errors":false,"_links":{"self":[{"href":"https:\/\/noticiasdestaque.com.br\/index.php\/wp-json\/wp\/v2\/posts\/5794","targetHints":{"allow":["GET"]}}],"collection":[{"href":"https:\/\/noticiasdestaque.com.br\/index.php\/wp-json\/wp\/v2\/posts"}],"about":[{"href":"https:\/\/noticiasdestaque.com.br\/index.php\/wp-json\/wp\/v2\/types\/post"}],"author":[{"embeddable":true,"href":"https:\/\/noticiasdestaque.com.br\/index.php\/wp-json\/wp\/v2\/users\/1"}],"replies":[{"embeddable":true,"href":"https:\/\/noticiasdestaque.com.br\/index.php\/wp-json\/wp\/v2\/comments?post=5794"}],"version-history":[{"count":1,"href":"https:\/\/noticiasdestaque.com.br\/index.php\/wp-json\/wp\/v2\/posts\/5794\/revisions"}],"predecessor-version":[{"id":5795,"href":"https:\/\/noticiasdestaque.com.br\/index.php\/wp-json\/wp\/v2\/posts\/5794\/revisions\/5795"}],"wp:featuredmedia":[{"embeddable":true,"href":"https:\/\/noticiasdestaque.com.br\/index.php\/wp-json\/wp\/v2\/media\/5796"}],"wp:attachment":[{"href":"https:\/\/noticiasdestaque.com.br\/index.php\/wp-json\/wp\/v2\/media?parent=5794"}],"wp:term":[{"taxonomy":"category","embeddable":true,"href":"https:\/\/noticiasdestaque.com.br\/index.php\/wp-json\/wp\/v2\/categories?post=5794"},{"taxonomy":"post_tag","embeddable":true,"href":"https:\/\/noticiasdestaque.com.br\/index.php\/wp-json\/wp\/v2\/tags?post=5794"}],"curies":[{"name":"wp","href":"https:\/\/api.w.org\/{rel}","templated":true}]}}