{"id":5788,"date":"2023-03-22T12:40:00","date_gmt":"2023-03-22T12:40:00","guid":{"rendered":"https:\/\/noticiasdestaque.com.br\/index.php\/2023\/03\/22\/indicadores-preco-do-boi-gordo-inicia-a-quarta-feira-com-alta-de\/"},"modified":"2023-03-22T12:40:00","modified_gmt":"2023-03-22T12:40:00","slug":"indicadores-preco-do-boi-gordo-inicia-a-quarta-feira-com-alta-de","status":"publish","type":"post","link":"https:\/\/noticiasdestaque.com.br\/index.php\/2023\/03\/22\/indicadores-preco-do-boi-gordo-inicia-a-quarta-feira-com-alta-de\/","title":{"rendered":"INDICADORES: pre\u00e7o do boi gordo inicia a quarta-feira (22) com alta de 0,67%"},"content":{"rendered":"<p>A cota\u00e7\u00e3o da arroba do boi gordo iniciou a quarta-feira (22) com o pre\u00e7o da arroba de 15kg  registrando alta de 0,67%, sendo negociada a R$ 279,65. No estado de S\u00e3o Paulo, o pre\u00e7o do boi gordo segue com alta de 0,25%, sendo negociado a R$ 278,26. <\/p>\n<p>O pre\u00e7o do quilo do frango congelado registrou uma baixa de 0,55% e \u00e9 vendido a R$ 7,26. O quilo do frango resfriado tamb\u00e9m caiu e a mercadoria \u00e9 comercializada a R$ 7,25, uma baixa de 0,68%. <\/p>\n<p>A carca\u00e7a su\u00edna especial seguiu o ritmo de alta com o produto sendo negociado a R$ 10,50. Uma alta de 0,10%.  Em Minas Gerais, o su\u00edno vivo \u00e9 vendido a R$ 7,25. No Paran\u00e1, o produto \u00e9 comercializado \u00e0 vista a R$ 6,76.  Em Santa Catarina, o produto custa R$ 6,72. As informa\u00e7\u00f5es s\u00e3o do Cepea.<\/p>\n<p> Fonte: Brasil61<\/p>\n<input type=\"hidden\" id=\"baseurl\" value=\"https:\/\/noticiasdestaque.com.br\"><input type=\"hidden\" id=\"audio_nonce\" value=\"6a24ca502e\">","protected":false},"excerpt":{"rendered":"<p>O pre\u00e7o do quilo do frango congelado registrou uma baixa de 0,55% e \u00e9 vendido a R$ 7,26<\/p>\n","protected":false},"author":1,"featured_media":5790,"comment_status":"open","ping_status":"open","sticky":false,"template":"","format":"standard","meta":{"fifu_image_url":"","fifu_image_alt":"","footnotes":""},"categories":[1],"tags":[107],"class_list":["post-5788","post","type-post","status-publish","format-standard","has-post-thumbnail","hentry","category-uncategorized","tag-closer-vendedor-milionario"],"distributor_meta":false,"distributor_terms":false,"distributor_media":false,"distributor_original_site_name":"Noticias em Destaque","distributor_original_site_url":"https:\/\/noticiasdestaque.com.br","push-errors":false,"_links":{"self":[{"href":"https:\/\/noticiasdestaque.com.br\/index.php\/wp-json\/wp\/v2\/posts\/5788","targetHints":{"allow":["GET"]}}],"collection":[{"href":"https:\/\/noticiasdestaque.com.br\/index.php\/wp-json\/wp\/v2\/posts"}],"about":[{"href":"https:\/\/noticiasdestaque.com.br\/index.php\/wp-json\/wp\/v2\/types\/post"}],"author":[{"embeddable":true,"href":"https:\/\/noticiasdestaque.com.br\/index.php\/wp-json\/wp\/v2\/users\/1"}],"replies":[{"embeddable":true,"href":"https:\/\/noticiasdestaque.com.br\/index.php\/wp-json\/wp\/v2\/comments?post=5788"}],"version-history":[{"count":1,"href":"https:\/\/noticiasdestaque.com.br\/index.php\/wp-json\/wp\/v2\/posts\/5788\/revisions"}],"predecessor-version":[{"id":5789,"href":"https:\/\/noticiasdestaque.com.br\/index.php\/wp-json\/wp\/v2\/posts\/5788\/revisions\/5789"}],"wp:featuredmedia":[{"embeddable":true,"href":"https:\/\/noticiasdestaque.com.br\/index.php\/wp-json\/wp\/v2\/media\/5790"}],"wp:attachment":[{"href":"https:\/\/noticiasdestaque.com.br\/index.php\/wp-json\/wp\/v2\/media?parent=5788"}],"wp:term":[{"taxonomy":"category","embeddable":true,"href":"https:\/\/noticiasdestaque.com.br\/index.php\/wp-json\/wp\/v2\/categories?post=5788"},{"taxonomy":"post_tag","embeddable":true,"href":"https:\/\/noticiasdestaque.com.br\/index.php\/wp-json\/wp\/v2\/tags?post=5788"}],"curies":[{"name":"wp","href":"https:\/\/api.w.org\/{rel}","templated":true}]}}