{"id":5782,"date":"2023-03-22T11:10:00","date_gmt":"2023-03-22T11:10:00","guid":{"rendered":"https:\/\/noticiasdestaque.com.br\/index.php\/2023\/03\/22\/pesquisa-dos-brasileiros-se-preocupam-com-falta-de-agua-potavel\/"},"modified":"2023-03-22T11:10:00","modified_gmt":"2023-03-22T11:10:00","slug":"pesquisa-dos-brasileiros-se-preocupam-com-falta-de-agua-potavel","status":"publish","type":"post","link":"https:\/\/noticiasdestaque.com.br\/index.php\/2023\/03\/22\/pesquisa-dos-brasileiros-se-preocupam-com-falta-de-agua-potavel\/","title":{"rendered":"Pesquisa: 81% dos brasileiros se preocupam com falta de \u00e1gua pot\u00e1vel"},"content":{"rendered":"<p>Pesquisa realizada pela consultoria <em>GlobeScan <\/em>mostra que 81% dos brasileiros est\u00e3o muito preocupados com a escassez de \u00e1gua pot\u00e1vel. O percentual \u00e9 bem acima da m\u00e9dia mundial de 58%. O estudo foi conduzido com 30 mil pessoas em 17 pa\u00edses, em parceria com o Fundo Mundial para a Natureza (WWF) em alus\u00e3o ao Dia Mundial da \u00c1gua, celebrado no dia 22 de mar\u00e7o.<\/p>\n<p>Segundo o estudo, a preocupa\u00e7\u00e3o tem motivo: apenas 15% dos entrevistados no Brasil declaram n\u00e3o serem afetados pela falta de \u00e1gua pot\u00e1vel e 40% informaram j\u00e1 terem sido prejudicados por secas. Um percentual ainda maior est\u00e1 muito preocupado com a polui\u00e7\u00e3o dos rios: 84% dos entrevistados.<\/p>\n<p>Enquanto apenas 5% disseram n\u00e3o serem afetados pelas mudan\u00e7as do clima, 68% disseram ter sido afetados pela alta do pre\u00e7o dos alimentos causada pelo clima.<\/p>\n<p>O levantamento ainda mostra que a preocupa\u00e7\u00e3o com a escassez de \u00e1gua pot\u00e1vel aumentou nos \u00faltimos anos em todo o mundo, passando de 49%, em 2014, para 61%, em 2022, entre os 17 pa\u00edses rastreados de forma consistente.<\/p>\n<p>Aumentou tamb\u00e9m a preocupa\u00e7\u00e3o global com as mudan\u00e7as clim\u00e1ticas (45% em 2014 para 65% em 2022). Segundo o estudo, a mudan\u00e7a clim\u00e1tica est\u00e1 fortemente ligada \u00e0 escassez de \u00e1gua: no total da amostra, de cada dez pessoas que se declararam pessoalmente afetadas pelas mudan\u00e7as clim\u00e1ticas, quase quatro disseram que experimentaram a seca.<\/p>\n<p>Segundo o diretor-presidente e fundador do Instituto \u00c1gua Sustent\u00e1vel, Everton Oliveira, a utiliza\u00e7\u00e3o da \u00e1gua no Brasil \u00e9 feita de maneira equivocada e pode levar a graves problemas pelos pr\u00f3ximos anos.<\/p>\n<p>\u201cN\u00f3s usamos os recursos de forma insustent\u00e1vel por dois motivos. Um, porque n\u00f3s usamos os recursos, trocamos ele de lugar, ou seja, eu pego a \u00e1gua de um determinado lugar e n\u00e3o necessariamente eu retorno para o mesmo lugar. E segundo que a gente usa a \u00e1gua e, ainda assim, n\u00f3s degradamos. A qualidade melhor, da \u00e1gua original, fica piorada. N\u00f3s estamos tendo duas frentes, uma em quantidade, ou seja, na sua distribui\u00e7\u00e3o e localiza\u00e7\u00e3o, que \u00e9 insustent\u00e1vel, e outra na sua qualidade\u201d, explica.<\/p>\n<h2>Prote\u00e7\u00e3o dos recursos h\u00eddricos<\/h2>\n<p>Com objetivo de gerenciar as \u00e1guas do Brasil, principalmente as bacias h\u00eddricas, est\u00e1 tramitando no Congresso Nacional o PL <a href=\"https:\/\/www.camara.leg.br\/propostas-legislativas\/2313258\">4546\/2021<\/a>. O projeto \u00e9 considerado o novo marco legal da \u00e1gua no pa\u00eds.<\/p>\n<p>O projeto de lei tem como escopo a cria\u00e7\u00e3o da Pol\u00edtica Nacional de Infraestrutura H\u00eddrica (PNIH), que vai definir os padr\u00f5es de refer\u00eancia de consumo para os diversos setores da economia e usu\u00e1rios, al\u00e9m de m\u00e1quinas e equipamentos, \u00e0 semelhan\u00e7a do que acontece no setor el\u00e9trico. A proposta tem o poder de provocar mudan\u00e7as no atual marco da \u00e1gua, a lei n. <a href=\"https:\/\/www.planalto.gov.br\/ccivil_03\/leis\/l9433.htm\">9.433\/97<\/a>, e na <a href=\"https:\/\/www.planalto.gov.br\/ccivil_03\/Leis\/L9984.htm#:~:text=LEI No 9.984, DE 17 DE JULHO DE 2000.\n<\/p>\n<input type=\"hidden\" id=\"baseurl\" value=\"https:\/\/noticiasdestaque.com.br\"><input type=\"hidden\" id=\"audio_nonce\" value=\"6a24ca502e\">","protected":false},"excerpt":{"rendered":"<p>Estudo encomendado para marcar o Dia Mundial da \u00c1gua (22 de mar\u00e7o) mostra que a preocupa\u00e7\u00e3o com a escassez de \u00e1gua pot\u00e1vel aumentou nos \u00faltimos anos em todo o mundo, passando de 49%, em 2014, para 61%, em 2022<\/p>\n","protected":false},"author":1,"featured_media":5784,"comment_status":"open","ping_status":"open","sticky":false,"template":"","format":"standard","meta":{"fifu_image_url":"","fifu_image_alt":"","footnotes":""},"categories":[1],"tags":[106],"class_list":["post-5782","post","type-post","status-publish","format-standard","has-post-thumbnail","hentry","category-uncategorized","tag-brunna-pareja"],"distributor_meta":false,"distributor_terms":false,"distributor_media":false,"distributor_original_site_name":"Noticias em Destaque","distributor_original_site_url":"https:\/\/noticiasdestaque.com.br","push-errors":false,"_links":{"self":[{"href":"https:\/\/noticiasdestaque.com.br\/index.php\/wp-json\/wp\/v2\/posts\/5782","targetHints":{"allow":["GET"]}}],"collection":[{"href":"https:\/\/noticiasdestaque.com.br\/index.php\/wp-json\/wp\/v2\/posts"}],"about":[{"href":"https:\/\/noticiasdestaque.com.br\/index.php\/wp-json\/wp\/v2\/types\/post"}],"author":[{"embeddable":true,"href":"https:\/\/noticiasdestaque.com.br\/index.php\/wp-json\/wp\/v2\/users\/1"}],"replies":[{"embeddable":true,"href":"https:\/\/noticiasdestaque.com.br\/index.php\/wp-json\/wp\/v2\/comments?post=5782"}],"version-history":[{"count":1,"href":"https:\/\/noticiasdestaque.com.br\/index.php\/wp-json\/wp\/v2\/posts\/5782\/revisions"}],"predecessor-version":[{"id":5783,"href":"https:\/\/noticiasdestaque.com.br\/index.php\/wp-json\/wp\/v2\/posts\/5782\/revisions\/5783"}],"wp:featuredmedia":[{"embeddable":true,"href":"https:\/\/noticiasdestaque.com.br\/index.php\/wp-json\/wp\/v2\/media\/5784"}],"wp:attachment":[{"href":"https:\/\/noticiasdestaque.com.br\/index.php\/wp-json\/wp\/v2\/media?parent=5782"}],"wp:term":[{"taxonomy":"category","embeddable":true,"href":"https:\/\/noticiasdestaque.com.br\/index.php\/wp-json\/wp\/v2\/categories?post=5782"},{"taxonomy":"post_tag","embeddable":true,"href":"https:\/\/noticiasdestaque.com.br\/index.php\/wp-json\/wp\/v2\/tags?post=5782"}],"curies":[{"name":"wp","href":"https:\/\/api.w.org\/{rel}","templated":true}]}}