{"id":5779,"date":"2023-03-22T00:53:00","date_gmt":"2023-03-22T00:53:00","guid":{"rendered":"https:\/\/noticiasdestaque.com.br\/index.php\/2023\/03\/22\/reajuste-do-preco-de-medicamentos-e-estimado-em\/"},"modified":"2023-03-22T00:53:00","modified_gmt":"2023-03-22T00:53:00","slug":"reajuste-do-preco-de-medicamentos-e-estimado-em","status":"publish","type":"post","link":"https:\/\/noticiasdestaque.com.br\/index.php\/2023\/03\/22\/reajuste-do-preco-de-medicamentos-e-estimado-em\/","title":{"rendered":"Reajuste do pre\u00e7o de medicamentos \u00e9 estimado em 5,6%"},"content":{"rendered":"<p>O reajuste do pre\u00e7o de medicamentos esse ano \u00e9 estimado em 5,6%, alinhado com a infla\u00e7\u00e3o medida pelo \u00cdndice Nacional de Pre\u00e7os ao Consumidor Amplo (IPCA). O ajuste \u00e9 feito anualmente no final do m\u00eas de mar\u00e7o e divulgado pela C\u00e2mara de Regula\u00e7\u00e3o do Mercado de Medicamentos (CMED), \u00f3rg\u00e3o ligado \u00e0 Anvisa. <\/p>\n<p>Renata Abal\u00e9m, advogada e especialista em Direito do Consumidor, explica que a CMED regula todo o mercado de medicamentos, inclusive as varia\u00e7\u00f5es de pre\u00e7o. Segundo ela, essa C\u00e2mara  entende que esse reajuste deve ser feito todos os anos, no final do m\u00eas de mar\u00e7o. <\/p>\n<p>\u201cEnt\u00e3o no final do m\u00eas de mar\u00e7o, evidentemente que antes, eles soltam o percentual de reajuste, mas ele \u00e9 feito anualmente para que todas as farm\u00e1cias e distribuidoras, possam fazer as suas respectivas proje\u00e7\u00f5es e n\u00f3s possamos comprar no Brasil um medicamento que tenha mais ou menos um pre\u00e7o linear\u201d, explica.<\/p>\n<h2>Fatores que impactam no reajuste <\/h2>\n<p>De acordo com a <a href=\"https:\/\/www.gov.br\/anvisa\/pt-br\/assuntos\/medicamentos\/cmed\/legislacao\/arquivos\/arquivos-resolucoes\/6290json-file-1\" target=\"_blank\">Resolu\u00e7\u00e3o CMED 01\/2015<\/a>, o ajuste de pre\u00e7os de medicamentos ter\u00e1 por base um modelo de teto de pre\u00e7os calculado por meio de um \u00edndice de pre\u00e7os, um fator de produtividade (Fator X), uma parcela de fator de ajuste de pre\u00e7os relativos entre setores (Fator Y) e uma parcela de fator de ajuste de pre\u00e7os relativos intrassetor (Fator Z).<\/p>\n<ul>\n<li>Fator X &#8211; Estabelecido a partir da estimativa de ganhos prospectivos de produtividade da ind\u00fastria farmac\u00eautica;<\/li>\n<li>Fator Z &#8211; Visa a promover a concorr\u00eancia nos diversos mercados de medicamentos, ajustando pre\u00e7os relativos entre os mercados com menor concorr\u00eancia e os mais competitivos. <\/li>\n<li>Fator Y &#8211; Tem como objetivo ajustar os pre\u00e7os relativos entre o setor farmac\u00eautico e os demais setores da economia, para minimizar o impacto dos custos n\u00e3o recuper\u00e1veis pela aplica\u00e7\u00e3o do IPCA.<\/li>\n<\/ul>\n<p>A especialista afirma que \u201co reajuste deste ano deve ficar em torno de 5,6%&#8221; E analisa ainda que ele leva em considera\u00e7\u00e3o  &#8220;algumas vari\u00e1veis como o IPCA, que mede a infla\u00e7\u00e3o de um conjunto de produtos e servi\u00e7os e \u00e9 calculado de mar\u00e7o de 2022 at\u00e9 final de fevereiro de 2023\u201d.<\/p>\n<h2>Como \u00e9 feito o c\u00e1lculo <\/h2>\n<p>Segundo a Anvisa, o IPCA \u00e9 fornecido pelo Instituto Brasileiro de Geografia e Estat\u00edstica (IBGE) e aplicado \u00e0 f\u00f3rmula de acordo com o acumulado no per\u00edodo de 12 meses anteriores \u00e0 publica\u00e7\u00e3o do ajuste de pre\u00e7os. O Fator Z assume tr\u00eas valores diferentes, conforme o grau de concentra\u00e7\u00e3o de mercado (\u00edndice Herfindahl\u2013Hirschman). <\/p>\n<p>Como estabelecido na <a href=\"https:\/\/www.gov.br\/anvisa\/pt-br\/assuntos\/medicamentos\/cmed\/legislacao\/arquivos\/arquivos-resolucoes\/6290json-file-1\" target=\"_blank\">Resolu\u00e7\u00e3o CMED 01\/2015<\/a>, o c\u00e1lculo do ajuste de pre\u00e7os \u00e9 feito a partir da seguinte f\u00f3rmula:<\/p>\n<p><strong>VPP = IPCA \u2013 X   Y   Z<\/strong><\/p>\n<ul>\n<li>Onde a Varia\u00e7\u00e3o Percentual do Pre\u00e7o do Medicamento (VPP) representa a varia\u00e7\u00e3o percentual do pre\u00e7o do medicamento;<\/li>\n<li>IPCA representa a taxa de infla\u00e7\u00e3o medida pela varia\u00e7\u00e3o percentual do \u00cdndice de Pre\u00e7os ao Consumidor Amplo;<\/li>\n<li>X representa o fator de produtividade;<\/li>\n<li>Y representa o fator de ajuste de pre\u00e7os relativos entre setores; e<\/li>\n<li>Z representa o fator de ajuste de pre\u00e7os relativos intrassetor. <\/li>\n<\/ul>\n<p>Quanto ao Fator Y, a Secretaria de Advocacia da Concorr\u00eancia e Competitividade do Minist\u00e9rio da Economia aguarda a publica\u00e7\u00e3o dos dados necess\u00e1rios para a sua defini\u00e7\u00e3o, assim como se aguarda a publica\u00e7\u00e3o do IPCA acumulado no per\u00edodo de mar\u00e7o de 2021 a fevereiro de 2022.<\/p>\n<h2>Recomenda\u00e7\u00e3o ao consumidor<\/h2>\n<p>Abal\u00e9m alerta o consumidor para que, quando for adquirir um medicamento, principalmente em casos de uso frequente do mesmo, procure as melhores ofertas, pois v\u00e1rias redes de drogarias e at\u00e9 mesmo laborat\u00f3rios oferecem grandes descontos em alguns produtos.<\/p>\n<p>\u201cO consumidor deve sempre pesquisar se nesses medicamentos de uso constante, o laborat\u00f3rio dos medicamentos d\u00e1 um desconto especial para esse uso constante\u201d, sugere.<br \/>\nNelson Mussolini,  presidente executivo do Sindicato da Ind\u00fastria de Produtos Farmac\u00eauticos (Sindusfarma), defende  em nota que \u201cdependendo da reposi\u00e7\u00e3o de estoques e das estrat\u00e9gias comerciais dos estabelecimentos, os aumentos nos pre\u00e7os dos medicamentos podem demorar meses ou nem acontecer\u201d.<\/p>\n<p> Fonte: Brasil61<\/p>\n<input type=\"hidden\" id=\"baseurl\" value=\"https:\/\/noticiasdestaque.com.br\"><input type=\"hidden\" id=\"audio_nonce\" value=\"6a24ca502e\">","protected":false},"excerpt":{"rendered":"<p>De acordo com o presidente executivo do Sindicato da Ind\u00fastria de Produtos Farmac\u00eauticos (Sindusfarma), Nelson Mussolini, \u201cdependendo da reposi\u00e7\u00e3o de estoques e das estrat\u00e9gias comerciais dos estabelecimentos, os aumentos nos pre\u00e7os dos medicamentos podem demorar meses ou nem acontecer\u201d<\/p>\n","protected":false},"author":1,"featured_media":5781,"comment_status":"open","ping_status":"open","sticky":false,"template":"","format":"standard","meta":{"fifu_image_url":"","fifu_image_alt":"","footnotes":""},"categories":[1],"tags":[112],"class_list":["post-5779","post","type-post","status-publish","format-standard","has-post-thumbnail","hentry","category-uncategorized","tag-energreener"],"distributor_meta":false,"distributor_terms":false,"distributor_media":false,"distributor_original_site_name":"Noticias em Destaque","distributor_original_site_url":"https:\/\/noticiasdestaque.com.br","push-errors":false,"_links":{"self":[{"href":"https:\/\/noticiasdestaque.com.br\/index.php\/wp-json\/wp\/v2\/posts\/5779","targetHints":{"allow":["GET"]}}],"collection":[{"href":"https:\/\/noticiasdestaque.com.br\/index.php\/wp-json\/wp\/v2\/posts"}],"about":[{"href":"https:\/\/noticiasdestaque.com.br\/index.php\/wp-json\/wp\/v2\/types\/post"}],"author":[{"embeddable":true,"href":"https:\/\/noticiasdestaque.com.br\/index.php\/wp-json\/wp\/v2\/users\/1"}],"replies":[{"embeddable":true,"href":"https:\/\/noticiasdestaque.com.br\/index.php\/wp-json\/wp\/v2\/comments?post=5779"}],"version-history":[{"count":1,"href":"https:\/\/noticiasdestaque.com.br\/index.php\/wp-json\/wp\/v2\/posts\/5779\/revisions"}],"predecessor-version":[{"id":5780,"href":"https:\/\/noticiasdestaque.com.br\/index.php\/wp-json\/wp\/v2\/posts\/5779\/revisions\/5780"}],"wp:featuredmedia":[{"embeddable":true,"href":"https:\/\/noticiasdestaque.com.br\/index.php\/wp-json\/wp\/v2\/media\/5781"}],"wp:attachment":[{"href":"https:\/\/noticiasdestaque.com.br\/index.php\/wp-json\/wp\/v2\/media?parent=5779"}],"wp:term":[{"taxonomy":"category","embeddable":true,"href":"https:\/\/noticiasdestaque.com.br\/index.php\/wp-json\/wp\/v2\/categories?post=5779"},{"taxonomy":"post_tag","embeddable":true,"href":"https:\/\/noticiasdestaque.com.br\/index.php\/wp-json\/wp\/v2\/tags?post=5779"}],"curies":[{"name":"wp","href":"https:\/\/api.w.org\/{rel}","templated":true}]}}