{"id":5776,"date":"2023-03-21T23:53:00","date_gmt":"2023-03-21T23:53:00","guid":{"rendered":"https:\/\/noticiasdestaque.com.br\/index.php\/2023\/03\/21\/o-tempo-e-a-temperatura-tempo-ameno-em-areas-do-sudeste-nesta-quarta-feira\/"},"modified":"2023-03-21T23:53:00","modified_gmt":"2023-03-21T23:53:00","slug":"o-tempo-e-a-temperatura-tempo-ameno-em-areas-do-sudeste-nesta-quarta-feira","status":"publish","type":"post","link":"https:\/\/noticiasdestaque.com.br\/index.php\/2023\/03\/21\/o-tempo-e-a-temperatura-tempo-ameno-em-areas-do-sudeste-nesta-quarta-feira\/","title":{"rendered":"O TEMPO E A TEMPERATURA: Tempo ameno em \u00e1reas do Sudeste nesta quarta-feira (22)"},"content":{"rendered":"<p>A previs\u00e3o do tempo para esta quarta-feira (22) \u00e9 de muitas nuvens com possibilidade de chuva no Rio de Janeiro, Esp\u00edrito Santo e nas regi\u00f5es de S\u00e3o Jos\u00e9 do Rio Preto, Ribeir\u00e3o Preto, Ara\u00e7atuba, Campinas e Presidente Prudente.<\/p>\n<p>C\u00e9u encoberto, podendo chover tamb\u00e9m em Minas Gerais, exceto no norte de Minas, central mineira e metropolitana de Belo Horizonte. Nas demais localidades do Sudeste, tempo ameno.<\/p>\n<p>A temperatura m\u00ednima fica em torno de 17\u00baC e a m\u00e1xima prevista \u00e9 de 36\u00baC. A umidade relativa do ar varia bastante, entre 40% e 100%.<\/p>\n<p>As informa\u00e7\u00f5es s\u00e3o do Instituto Nacional de Meteorologia.<\/p>\n<p> Fonte: Brasil61<\/p>\n<input type=\"hidden\" id=\"baseurl\" value=\"https:\/\/noticiasdestaque.com.br\"><input type=\"hidden\" id=\"audio_nonce\" value=\"6a24ca502e\">","protected":false},"excerpt":{"rendered":"<p>A temperatura pode variar entre 17\u00baC e 36\u00baC<\/p>\n","protected":false},"author":1,"featured_media":5778,"comment_status":"open","ping_status":"open","sticky":false,"template":"","format":"standard","meta":{"fifu_image_url":"","fifu_image_alt":"","footnotes":""},"categories":[1],"tags":[],"class_list":["post-5776","post","type-post","status-publish","format-standard","has-post-thumbnail","hentry","category-uncategorized"],"distributor_meta":false,"distributor_terms":false,"distributor_media":false,"distributor_original_site_name":"Noticias em Destaque","distributor_original_site_url":"https:\/\/noticiasdestaque.com.br","push-errors":false,"_links":{"self":[{"href":"https:\/\/noticiasdestaque.com.br\/index.php\/wp-json\/wp\/v2\/posts\/5776","targetHints":{"allow":["GET"]}}],"collection":[{"href":"https:\/\/noticiasdestaque.com.br\/index.php\/wp-json\/wp\/v2\/posts"}],"about":[{"href":"https:\/\/noticiasdestaque.com.br\/index.php\/wp-json\/wp\/v2\/types\/post"}],"author":[{"embeddable":true,"href":"https:\/\/noticiasdestaque.com.br\/index.php\/wp-json\/wp\/v2\/users\/1"}],"replies":[{"embeddable":true,"href":"https:\/\/noticiasdestaque.com.br\/index.php\/wp-json\/wp\/v2\/comments?post=5776"}],"version-history":[{"count":1,"href":"https:\/\/noticiasdestaque.com.br\/index.php\/wp-json\/wp\/v2\/posts\/5776\/revisions"}],"predecessor-version":[{"id":5777,"href":"https:\/\/noticiasdestaque.com.br\/index.php\/wp-json\/wp\/v2\/posts\/5776\/revisions\/5777"}],"wp:featuredmedia":[{"embeddable":true,"href":"https:\/\/noticiasdestaque.com.br\/index.php\/wp-json\/wp\/v2\/media\/5778"}],"wp:attachment":[{"href":"https:\/\/noticiasdestaque.com.br\/index.php\/wp-json\/wp\/v2\/media?parent=5776"}],"wp:term":[{"taxonomy":"category","embeddable":true,"href":"https:\/\/noticiasdestaque.com.br\/index.php\/wp-json\/wp\/v2\/categories?post=5776"},{"taxonomy":"post_tag","embeddable":true,"href":"https:\/\/noticiasdestaque.com.br\/index.php\/wp-json\/wp\/v2\/tags?post=5776"}],"curies":[{"name":"wp","href":"https:\/\/api.w.org\/{rel}","templated":true}]}}